{"id":1025,"date":"2017-05-29T15:07:03","date_gmt":"2017-05-29T13:07:03","guid":{"rendered":"http:\/\/heleneholmsif.se\/friidrott\/?p=1025"},"modified":"2017-05-29T15:07:03","modified_gmt":"2017-05-29T13:07:03","slug":"tavlingsrapport-fran-belgien","status":"publish","type":"post","link":"https:\/\/heleneholmsif.se\/friidrott\/tavlingsrapport-fran-belgien\/","title":{"rendered":"T\u00e4vlingsrapport fr\u00e5n Belgien"},"content":{"rendered":"<p>I helgen t\u00e4vlade Mattias Ohlsson i 800m i ett lopp i Belgien. Heatet bestod av hela 15 l\u00f6pare med personb\u00e4sta inom 1,5 sekunder s\u00e5 det blev ett v\u00e4ldigt tight race. Mattias sprang in p\u00e5 1.51,23 vilket \u00e4r n\u00e5gra tiondelar fr\u00e5n personb\u00e4stat.<\/p>\n<figure id=\"attachment_646\" class=\"alignnone\" style=\"width: 1024px;\"><a data-fancybox-title=\"\" class=\"zoom-hover fb\" href=\"http:\/\/heleneholmsif.se\/tavlingsrapport-fran-belgien-stafett-sm\/dsc_0216\/\" rel=\"attachment wp-att-646\"><img loading=\"lazy\" decoding=\"async\" class=\" size-large wp-image-646\" src=\"http:\/\/heleneholmsif.se\/wp-content\/uploads\/2017\/05\/DSC_0216-1024x576.jpg\" alt=\"\" width=\"1024\" height=\"576\" \/><\/a><\/figure>\n","protected":false},"excerpt":{"rendered":"<p>I helgen t\u00e4vlade Mattias Ohlsson i 800m i ett lopp i Belgien. Heatet bestod av hela 15 l\u00f6pare med personb\u00e4sta inom 1,5 sekunder s\u00e5 det blev ett v\u00e4ldigt tight race. Mattias sprang in p\u00e5 1.51,23 vilket \u00e4r n\u00e5gra tiondelar fr\u00e5n personb\u00e4stat.<\/p>\n","protected":false},"author":4,"featured_media":0,"comment_status":"closed","ping_status":"closed","sticky":false,"template":"","format":"standard","meta":{"_mi_skip_tracking":false,"footnotes":""},"categories":[1],"tags":[],"class_list":["post-1025","post","type-post","status-publish","format-standard","hentry","category-okategoriserade"],"_links":{"self":[{"href":"https:\/\/heleneholmsif.se\/friidrott\/wp-json\/wp\/v2\/posts\/1025","targetHints":{"allow":["GET"]}}],"collection":[{"href":"https:\/\/heleneholmsif.se\/friidrott\/wp-json\/wp\/v2\/posts"}],"about":[{"href":"https:\/\/heleneholmsif.se\/friidrott\/wp-json\/wp\/v2\/types\/post"}],"author":[{"embeddable":true,"href":"https:\/\/heleneholmsif.se\/friidrott\/wp-json\/wp\/v2\/users\/4"}],"replies":[{"embeddable":true,"href":"https:\/\/heleneholmsif.se\/friidrott\/wp-json\/wp\/v2\/comments?post=1025"}],"version-history":[{"count":1,"href":"https:\/\/heleneholmsif.se\/friidrott\/wp-json\/wp\/v2\/posts\/1025\/revisions"}],"predecessor-version":[{"id":1026,"href":"https:\/\/heleneholmsif.se\/friidrott\/wp-json\/wp\/v2\/posts\/1025\/revisions\/1026"}],"wp:attachment":[{"href":"https:\/\/heleneholmsif.se\/friidrott\/wp-json\/wp\/v2\/media?parent=1025"}],"wp:term":[{"taxonomy":"category","embeddable":true,"href":"https:\/\/heleneholmsif.se\/friidrott\/wp-json\/wp\/v2\/categories?post=1025"},{"taxonomy":"post_tag","embeddable":true,"href":"https:\/\/heleneholmsif.se\/friidrott\/wp-json\/wp\/v2\/tags?post=1025"}],"curies":[{"name":"wp","href":"https:\/\/api.w.org\/{rel}","templated":true}]}}