{"id":1176,"date":"2017-08-25T14:35:19","date_gmt":"2017-08-25T12:35:19","guid":{"rendered":"http:\/\/heleneholmsif.se\/friidrott\/?p=1176"},"modified":"2017-08-25T14:35:19","modified_gmt":"2017-08-25T12:35:19","slug":"sm-i-helsingborg","status":"publish","type":"post","link":"https:\/\/heleneholmsif.se\/friidrott\/sm-i-helsingborg\/","title":{"rendered":"SM i Helsingborg"},"content":{"rendered":"<p>Till helgen \u00e4r det dags f\u00f6r stora SM som i \u00e5r g\u00e5r i Sk\u00e5ne p\u00e5 Heden i Helsingborg. Heleneholms IF har sex aktiva som kommer att delta under helgen: Malin Andersson spjut, Lina Bengtson diskus, Sara Ericsson 800m, Mattias Ohlsson 800m, Adrian Mehic 800m &amp; Sebastian Persson 800m. En fin sak v\u00e4rt att notera \u00e4r att alla aktiva f\u00f6rutom Sara Ericsson som b\u00f6rjade tr\u00e4na i v\u00e5ras har fostrats och varit medlemmar i klubben sedan barnsben vilket vi inom klubben tycker \u00e4r extra kul. Fr\u00e5n klubbens sida vill vi \u00f6nska alla deltagare ett stort lycka till.<\/p>\n<figure id=\"attachment_881\" class=\"alignleft fixed\" style=\"width: 207px;\"><a data-fancybox-title=\"Sara Ericsson 800m Foto: Lennart S\" class=\"zoom-hover fb\" href=\"http:\/\/heleneholmsif.se\/wp-content\/uploads\/2017\/08\/Sara-Ericsson.jpg\"><img loading=\"lazy\" decoding=\"async\" class=\"wp-image-881 size-medium\" src=\"http:\/\/heleneholmsif.se\/wp-content\/uploads\/2017\/08\/Sara-Ericsson-207x300.jpg\" alt=\"\" width=\"207\" height=\"300\" \/><\/a><figcaption>Sara Ericsson 800m Foto: Lennart S<\/figcaption><\/figure>\n<figure id=\"attachment_882\" class=\"alignleft fixed\" style=\"width: 169px;\"><a data-fancybox-title=\"Adrian Mehic 800m\" class=\"zoom-hover fb\" href=\"http:\/\/heleneholmsif.se\/wp-content\/uploads\/2017\/08\/Adrian.jpg\"><img loading=\"lazy\" decoding=\"async\" class=\"wp-image-882 size-medium\" src=\"http:\/\/heleneholmsif.se\/wp-content\/uploads\/2017\/08\/Adrian-169x300.jpg\" alt=\"\" width=\"169\" height=\"300\" \/><\/a><figcaption>Adrian Mehic 800m<\/figcaption><\/figure>\n<figure id=\"attachment_886\" class=\"alignleft fixed\" style=\"width: 169px;\"><a data-fancybox-title=\"Mattias Ohlsson 800m\" class=\"zoom-hover fb\" href=\"http:\/\/heleneholmsif.se\/wp-content\/uploads\/2017\/08\/Mattias-Ohlsson-inf\u00f6r-SM.jpg\"><img loading=\"lazy\" decoding=\"async\" class=\"wp-image-886 size-medium\" src=\"http:\/\/heleneholmsif.se\/wp-content\/uploads\/2017\/08\/Mattias-Ohlsson-inf\u00f6r-SM-169x300.jpg\" alt=\"\" width=\"169\" height=\"300\" \/><\/a><figcaption>Mattias Ohlsson 800m<\/figcaption><\/figure>\n<figure id=\"attachment_885\" class=\"alignleft fixed\" style=\"width: 257px;\"><a data-fancybox-title=\"Malin Andersson Spjut\" class=\"zoom-hover fb\" href=\"http:\/\/heleneholmsif.se\/wp-content\/uploads\/2017\/08\/Malin_Andersson_5.jpg\"><img loading=\"lazy\" decoding=\"async\" class=\"wp-image-885 size-medium\" src=\"http:\/\/heleneholmsif.se\/wp-content\/uploads\/2017\/08\/Malin_Andersson_5-257x300.jpg\" alt=\"\" width=\"257\" height=\"300\" \/><\/a><figcaption>Malin Andersson Spjut<\/figcaption><\/figure>\n<p>&nbsp;<\/p>\n<p>&nbsp;<\/p>\n<p>&nbsp;<\/p>\n<figure id=\"attachment_884\" class=\"alignnone\" style=\"width: 300px;\"><a data-fancybox-title=\"Lina Bengtson Diskus\" class=\"zoom-hover fb\" href=\"http:\/\/heleneholmsif.se\/wp-content\/uploads\/2017\/08\/Lina-B.jpg\"><img loading=\"lazy\" decoding=\"async\" class=\"wp-image-884 size-medium\" src=\"http:\/\/heleneholmsif.se\/wp-content\/uploads\/2017\/08\/Lina-B-300x227.jpg\" alt=\"\" width=\"300\" height=\"227\" \/><\/a><figcaption>Lina Bengtson Diskus<\/figcaption><\/figure>\n<p>&nbsp;<\/p>\n<p>&nbsp;<\/p>\n<figure id=\"attachment_883\" class=\"alignleft fixed\" style=\"width: 300px;\"><a data-fancybox-title=\"Sebastian Persson 800m Foto: Jesper Halvorsen\" class=\"zoom-hover fb\" href=\"http:\/\/heleneholmsif.se\/wp-content\/uploads\/2017\/08\/Sebastian-P.jpg\"><img loading=\"lazy\" decoding=\"async\" class=\"wp-image-883 size-medium\" src=\"http:\/\/heleneholmsif.se\/wp-content\/uploads\/2017\/08\/Sebastian-P-300x200.jpg\" alt=\"\" width=\"300\" height=\"200\" \/><\/a><figcaption>Sebastian Persson 800m Foto: Jesper Halvorsen<\/figcaption><\/figure>\n","protected":false},"excerpt":{"rendered":"<p>Till helgen \u00e4r det dags f\u00f6r stora SM som i \u00e5r g\u00e5r i Sk\u00e5ne p\u00e5 Heden i Helsingborg. Heleneholms IF har sex aktiva som kommer att delta under helgen: Malin Andersson spjut, Lina Bengtson diskus, Sara Ericsson 800m, Mattias Ohlsson 800m, Adrian Mehic 800m &amp; Sebastian Persson 800m. En fin sak v\u00e4rt att notera \u00e4r [&hellip;] <a href=\"https:\/\/heleneholmsif.se\/friidrott\/sm-i-helsingborg\/\" class=\"readmore\">L\u00e4s mer<i class=\"icon-forward\"><\/i><\/a><\/p>\n","protected":false},"author":9,"featured_media":0,"comment_status":"closed","ping_status":"closed","sticky":false,"template":"","format":"aside","meta":{"_mi_skip_tracking":false,"footnotes":""},"categories":[8,32,9,35,13,52],"tags":[63,44,18,43,31,78,69],"class_list":["post-1176","post","type-post","status-publish","format-aside","hentry","category-friidrott","category-kasttavling","category-prestationer","category-sm","category-tavling","category-tavlingsresa","tag-800m","tag-diskus","tag-friidrott","tag-heleneholmsif","tag-malmo","tag-sm","tag-spjut","post_format-post-format-aside"],"_links":{"self":[{"href":"https:\/\/heleneholmsif.se\/friidrott\/wp-json\/wp\/v2\/posts\/1176","targetHints":{"allow":["GET"]}}],"collection":[{"href":"https:\/\/heleneholmsif.se\/friidrott\/wp-json\/wp\/v2\/posts"}],"about":[{"href":"https:\/\/heleneholmsif.se\/friidrott\/wp-json\/wp\/v2\/types\/post"}],"author":[{"embeddable":true,"href":"https:\/\/heleneholmsif.se\/friidrott\/wp-json\/wp\/v2\/users\/9"}],"replies":[{"embeddable":true,"href":"https:\/\/heleneholmsif.se\/friidrott\/wp-json\/wp\/v2\/comments?post=1176"}],"version-history":[{"count":1,"href":"https:\/\/heleneholmsif.se\/friidrott\/wp-json\/wp\/v2\/posts\/1176\/revisions"}],"predecessor-version":[{"id":1177,"href":"https:\/\/heleneholmsif.se\/friidrott\/wp-json\/wp\/v2\/posts\/1176\/revisions\/1177"}],"wp:attachment":[{"href":"https:\/\/heleneholmsif.se\/friidrott\/wp-json\/wp\/v2\/media?parent=1176"}],"wp:term":[{"taxonomy":"category","embeddable":true,"href":"https:\/\/heleneholmsif.se\/friidrott\/wp-json\/wp\/v2\/categories?post=1176"},{"taxonomy":"post_tag","embeddable":true,"href":"https:\/\/heleneholmsif.se\/friidrott\/wp-json\/wp\/v2\/tags?post=1176"}],"curies":[{"name":"wp","href":"https:\/\/api.w.org\/{rel}","templated":true}]}}