{"id":1992,"date":"2018-12-05T17:00:49","date_gmt":"2018-12-05T16:00:49","guid":{"rendered":"http:\/\/heleneholmsif.se\/friidrott\/?p=1992"},"modified":"2018-12-05T17:00:49","modified_gmt":"2018-12-05T16:00:49","slug":"manga-tavlande-fran-heleneholm-pa-julchansen","status":"publish","type":"post","link":"https:\/\/heleneholmsif.se\/friidrott\/manga-tavlande-fran-heleneholm-pa-julchansen\/","title":{"rendered":"M\u00e5nga t\u00e4vlande fr\u00e5n Heleneholm p\u00e5 Julchansen"},"content":{"rendered":"<p>I helgen slog vi rekord i antalet t\u00e4vlande p\u00e5 en och samma t\u00e4vling om vi tittar endast n\u00e5gra \u00e5r tillbaka, vilket \u00e4r v\u00e4ldigt gl\u00e4djande att se. I helgen var hela 49 medlemmar fr\u00e5n Heleneholms IF i Atleticum och genomf\u00f6rde minst en gren. Mycket gl\u00e4dje, k\u00e4mparinsatser och bra resultat fick vi se av alla v\u00e5r ungdomar. Vi ser framemot en sp\u00e4nnande inomhuss\u00e4ong.<\/p>\n<p><a href=\"http:\/\/heleneholmsif.se\/friidrott\/wp-content\/uploads\/sites\/4\/2018\/12\/Statistik-Inomhus-2019-klassindelning-1.pdf\">Resultat hittas samlade h\u00e4r.<\/a><\/p>\n","protected":false},"excerpt":{"rendered":"<p>I helgen slog vi rekord i antalet t\u00e4vlande p\u00e5 en och samma t\u00e4vling om vi tittar endast n\u00e5gra \u00e5r tillbaka, vilket \u00e4r v\u00e4ldigt gl\u00e4djande att se. I helgen var hela 49 medlemmar fr\u00e5n Heleneholms IF i Atleticum och genomf\u00f6rde minst en gren. Mycket gl\u00e4dje, k\u00e4mparinsatser och bra resultat fick vi se av alla v\u00e5r ungdomar. [&hellip;] <a href=\"https:\/\/heleneholmsif.se\/friidrott\/manga-tavlande-fran-heleneholm-pa-julchansen\/\" class=\"readmore\">L\u00e4s mer<i class=\"icon-forward\"><\/i><\/a><\/p>\n","protected":false},"author":4,"featured_media":0,"comment_status":"closed","ping_status":"closed","sticky":false,"template":"","format":"aside","meta":{"_mi_skip_tracking":false,"footnotes":""},"categories":[88],"tags":[],"class_list":["post-1992","post","type-post","status-publish","format-aside","hentry","category-jul-chansen","post_format-post-format-aside"],"_links":{"self":[{"href":"https:\/\/heleneholmsif.se\/friidrott\/wp-json\/wp\/v2\/posts\/1992","targetHints":{"allow":["GET"]}}],"collection":[{"href":"https:\/\/heleneholmsif.se\/friidrott\/wp-json\/wp\/v2\/posts"}],"about":[{"href":"https:\/\/heleneholmsif.se\/friidrott\/wp-json\/wp\/v2\/types\/post"}],"author":[{"embeddable":true,"href":"https:\/\/heleneholmsif.se\/friidrott\/wp-json\/wp\/v2\/users\/4"}],"replies":[{"embeddable":true,"href":"https:\/\/heleneholmsif.se\/friidrott\/wp-json\/wp\/v2\/comments?post=1992"}],"version-history":[{"count":1,"href":"https:\/\/heleneholmsif.se\/friidrott\/wp-json\/wp\/v2\/posts\/1992\/revisions"}],"predecessor-version":[{"id":1994,"href":"https:\/\/heleneholmsif.se\/friidrott\/wp-json\/wp\/v2\/posts\/1992\/revisions\/1994"}],"wp:attachment":[{"href":"https:\/\/heleneholmsif.se\/friidrott\/wp-json\/wp\/v2\/media?parent=1992"}],"wp:term":[{"taxonomy":"category","embeddable":true,"href":"https:\/\/heleneholmsif.se\/friidrott\/wp-json\/wp\/v2\/categories?post=1992"},{"taxonomy":"post_tag","embeddable":true,"href":"https:\/\/heleneholmsif.se\/friidrott\/wp-json\/wp\/v2\/tags?post=1992"}],"curies":[{"name":"wp","href":"https:\/\/api.w.org\/{rel}","templated":true}]}}