{"id":2538,"date":"2019-10-14T15:17:02","date_gmt":"2019-10-14T13:17:02","guid":{"rendered":"http:\/\/heleneholmsif.se\/friidrott\/?p=2538"},"modified":"2019-10-14T15:19:10","modified_gmt":"2019-10-14T13:19:10","slug":"resultat-av-albin-oberg-pa-terrang-sm","status":"publish","type":"post","link":"https:\/\/heleneholmsif.se\/friidrott\/resultat-av-albin-oberg-pa-terrang-sm\/","title":{"rendered":"Resultat av Albin \u00d6berg p\u00e5 terr\u00e4ng-SM"},"content":{"rendered":"\n<p>I helgen gick sista delen av \u00e5rets m\u00e4sterskapsserie n\u00e4r terr\u00e4ng-SM arrangerades i Ume\u00e5. Fr\u00e5n Heleneholms IF hade tv\u00e5 aktiva tagit sig de ca 124 milen upp. V\u00e5r unga l\u00f6pare Albin \u00d6berg i P15 klassen och rutinerade Magnus Bergh i M70 klassen. <br><br>\u00c5rets bana var en tuff gr\u00e4sbana med m\u00e5nga sv\u00e4ngar och kyligt v\u00e4der. Under s\u00f6ndagen var det strax \u00f6ver plusgraden och sn\u00f6n la sig p\u00e5 gr\u00e4set vilket gav tuffa f\u00f6ruts\u00e4ttningar f\u00f6r l\u00f6parna.<\/p>\n\n\n\n<p>Albin \u00d6berg hade inte riktigt med sig kroppen denna dag och sprang de 4000 metrarna p\u00e5 14.48 (3.42\/km), vilket innebar en 11:e plats. Undertecknad har sett p\u00e5 tr\u00e4ning att st\u00f6rre kapacitet finns men ibland det klurigt att f\u00e5 ut all under t\u00e4vling. Albin har m\u00e5nga sp\u00e4nnande \u00e5r framf\u00f6r och kan ta med sig ett SM-guld p\u00e5 1000m inomhus i bagaget inf\u00f6r kommande s\u00e4song.<br><br>Alla \u00f6vriga resultat fr\u00e5n helgens SM hittas <a href=\"https:\/\/www.marathon.se\/racetimer?v=\/sv\/race\/show\/4740%3Flayout%3Dmarathon\">h\u00e4r<\/a>. <\/p>\n","protected":false},"excerpt":{"rendered":"<p>I helgen gick sista delen av \u00e5rets m\u00e4sterskapsserie n\u00e4r terr\u00e4ng-SM arrangerades i Ume\u00e5. Fr\u00e5n Heleneholms IF hade tv\u00e5 aktiva tagit sig de ca 124 milen upp. V\u00e5r unga l\u00f6pare Albin \u00d6berg i P15 klassen och rutinerade Magnus Bergh i M70 klassen. \u00c5rets bana var en tuff gr\u00e4sbana med m\u00e5nga sv\u00e4ngar och kyligt v\u00e4der. Under s\u00f6ndagen [&hellip;] <a href=\"https:\/\/heleneholmsif.se\/friidrott\/resultat-av-albin-oberg-pa-terrang-sm\/\" class=\"readmore\">L\u00e4s mer<i class=\"icon-forward\"><\/i><\/a><\/p>\n","protected":false},"author":9,"featured_media":0,"comment_status":"closed","ping_status":"closed","sticky":false,"template":"","format":"standard","meta":{"_mi_skip_tracking":false,"footnotes":""},"categories":[8,1,35,13],"tags":[151],"class_list":["post-2538","post","type-post","status-publish","format-standard","hentry","category-friidrott","category-okategoriserade","category-sm","category-tavling","tag-terrang-sm"],"_links":{"self":[{"href":"https:\/\/heleneholmsif.se\/friidrott\/wp-json\/wp\/v2\/posts\/2538","targetHints":{"allow":["GET"]}}],"collection":[{"href":"https:\/\/heleneholmsif.se\/friidrott\/wp-json\/wp\/v2\/posts"}],"about":[{"href":"https:\/\/heleneholmsif.se\/friidrott\/wp-json\/wp\/v2\/types\/post"}],"author":[{"embeddable":true,"href":"https:\/\/heleneholmsif.se\/friidrott\/wp-json\/wp\/v2\/users\/9"}],"replies":[{"embeddable":true,"href":"https:\/\/heleneholmsif.se\/friidrott\/wp-json\/wp\/v2\/comments?post=2538"}],"version-history":[{"count":2,"href":"https:\/\/heleneholmsif.se\/friidrott\/wp-json\/wp\/v2\/posts\/2538\/revisions"}],"predecessor-version":[{"id":2540,"href":"https:\/\/heleneholmsif.se\/friidrott\/wp-json\/wp\/v2\/posts\/2538\/revisions\/2540"}],"wp:attachment":[{"href":"https:\/\/heleneholmsif.se\/friidrott\/wp-json\/wp\/v2\/media?parent=2538"}],"wp:term":[{"taxonomy":"category","embeddable":true,"href":"https:\/\/heleneholmsif.se\/friidrott\/wp-json\/wp\/v2\/categories?post=2538"},{"taxonomy":"post_tag","embeddable":true,"href":"https:\/\/heleneholmsif.se\/friidrott\/wp-json\/wp\/v2\/tags?post=2538"}],"curies":[{"name":"wp","href":"https:\/\/api.w.org\/{rel}","templated":true}]}}