{"id":2849,"date":"2020-07-29T16:02:17","date_gmt":"2020-07-29T14:02:17","guid":{"rendered":"http:\/\/heleneholmsif.se\/friidrott\/?p=2849"},"modified":"2020-07-29T16:02:19","modified_gmt":"2020-07-29T14:02:19","slug":"utomhusstatistik-uppdaterad","status":"publish","type":"post","link":"https:\/\/heleneholmsif.se\/friidrott\/utomhusstatistik-uppdaterad\/","title":{"rendered":"Utomhusstatistik uppdaterad"},"content":{"rendered":"\n<p>Nu \u00e4r senaste resultaten fr\u00e5n v\u00e5ra t\u00e4vlande under utomhuss\u00e4songen uppdaterade. <a href=\"http:\/\/heleneholmsif.se\/friidrott\/wp-content\/uploads\/sites\/4\/2020\/07\/Statistik-utomhus-2020-klassindelning.pdf\">Du hittar listan h\u00e4r<\/a>.<br><br>Vi kan h\u00e4r bl.a se att Emilia Wamsler forts\u00e4tter sin str\u00e5lande s\u00e4song d\u00e4r hon i mitten av juli satte \u00e4nnu ett f\u00f6rb\u00e4ttrat personb\u00e4sta, vilket ocks\u00e5 inneb\u00e4r f\u00f6rb\u00e4ttrat klubbrekord och distriktsrekord f\u00f6r Sk\u00e5ne. <\/p>\n","protected":false},"excerpt":{"rendered":"<p>Nu \u00e4r senaste resultaten fr\u00e5n v\u00e5ra t\u00e4vlande under utomhuss\u00e4songen uppdaterade. Du hittar listan h\u00e4r. Vi kan h\u00e4r bl.a se att Emilia Wamsler forts\u00e4tter sin str\u00e5lande s\u00e4song d\u00e4r hon i mitten av juli satte \u00e4nnu ett f\u00f6rb\u00e4ttrat personb\u00e4sta, vilket ocks\u00e5 inneb\u00e4r f\u00f6rb\u00e4ttrat klubbrekord och distriktsrekord f\u00f6r Sk\u00e5ne.<\/p>\n","protected":false},"author":9,"featured_media":0,"comment_status":"closed","ping_status":"closed","sticky":false,"template":"","format":"standard","meta":{"_mi_skip_tracking":false,"footnotes":""},"categories":[8,32,121,13,27],"tags":[18,31,101],"class_list":["post-2849","post","type-post","status-publish","format-standard","hentry","category-friidrott","category-kasttavling","category-statistik","category-tavling","category-tavlingar","tag-friidrott","tag-malmo","tag-statistik"],"_links":{"self":[{"href":"https:\/\/heleneholmsif.se\/friidrott\/wp-json\/wp\/v2\/posts\/2849","targetHints":{"allow":["GET"]}}],"collection":[{"href":"https:\/\/heleneholmsif.se\/friidrott\/wp-json\/wp\/v2\/posts"}],"about":[{"href":"https:\/\/heleneholmsif.se\/friidrott\/wp-json\/wp\/v2\/types\/post"}],"author":[{"embeddable":true,"href":"https:\/\/heleneholmsif.se\/friidrott\/wp-json\/wp\/v2\/users\/9"}],"replies":[{"embeddable":true,"href":"https:\/\/heleneholmsif.se\/friidrott\/wp-json\/wp\/v2\/comments?post=2849"}],"version-history":[{"count":1,"href":"https:\/\/heleneholmsif.se\/friidrott\/wp-json\/wp\/v2\/posts\/2849\/revisions"}],"predecessor-version":[{"id":2852,"href":"https:\/\/heleneholmsif.se\/friidrott\/wp-json\/wp\/v2\/posts\/2849\/revisions\/2852"}],"wp:attachment":[{"href":"https:\/\/heleneholmsif.se\/friidrott\/wp-json\/wp\/v2\/media?parent=2849"}],"wp:term":[{"taxonomy":"category","embeddable":true,"href":"https:\/\/heleneholmsif.se\/friidrott\/wp-json\/wp\/v2\/categories?post=2849"},{"taxonomy":"post_tag","embeddable":true,"href":"https:\/\/heleneholmsif.se\/friidrott\/wp-json\/wp\/v2\/tags?post=2849"}],"curies":[{"name":"wp","href":"https:\/\/api.w.org\/{rel}","templated":true}]}}