{"id":2865,"date":"2020-08-07T14:33:36","date_gmt":"2020-08-07T12:33:36","guid":{"rendered":"http:\/\/heleneholmsif.se\/friidrott\/?p=2865"},"modified":"2020-08-07T14:33:37","modified_gmt":"2020-08-07T12:33:37","slug":"emilia-wamsler-uttagen-till-f17-landslaget","status":"publish","type":"post","link":"https:\/\/heleneholmsif.se\/friidrott\/emilia-wamsler-uttagen-till-f17-landslaget\/","title":{"rendered":"Emilia Wamsler uttagen till F17-landslaget"},"content":{"rendered":"\n<p>Emilia Wamsler har haft en str\u00e5lande diskus s\u00e4song \u00e4n s\u00e5 l\u00e4nge d\u00e4r hon slagit b\u00e5de sk\u00e5nsk- och klubbrekord samt toppar Sverigestatistiken med 44.85 (ca tv\u00e5 meter f\u00f6re tv\u00e5an). Detta innebar att Emilia klarat ungdoms- EM gr\u00e4nsen men d\u00e5 corona kommit mellan \u00e4r detta m\u00e4sterskap tyv\u00e4rr inst\u00e4llt i \u00e5r. <br><br>Ist\u00e4llet har svenska friidrottsf\u00f6rbundet valt att k\u00f6ra en intern landskap mellan de olika ungdom\/junior landslagen d\u00e4r 17, 19 &amp; 22-\u00e5ringar m\u00f6ts i en intern kamp landslagen mellan. Emilia \u00e4r uttagen i diskus f\u00f6r att representera 17-\u00e5ringarna. Vi fr\u00e5n klubben sida \u00f6nskar ett stort grattis till uttagningen och ett stort lycka till i t\u00e4vlingen.<\/p>\n\n\n\n<p>F\u00f6r den som vill ha mer information om t\u00e4vlingen och dess uppl\u00e4gg hittar du det h\u00e4r: <a href=\"https:\/\/www.friidrott.se\/nyheter.aspx?id=24606\">https:\/\/www.friidrott.se\/nyheter.aspx?id=24606<\/a> <br>T\u00e4vlingen s\u00e4nds p\u00e5 friidrottskanalen d\u00e4r Emilia bl.a kastar 11.45. <\/p>\n","protected":false},"excerpt":{"rendered":"<p>Emilia Wamsler har haft en str\u00e5lande diskus s\u00e4song \u00e4n s\u00e5 l\u00e4nge d\u00e4r hon slagit b\u00e5de sk\u00e5nsk- och klubbrekord samt toppar Sverigestatistiken med 44.85 (ca tv\u00e5 meter f\u00f6re tv\u00e5an). Detta innebar att Emilia klarat ungdoms- EM gr\u00e4nsen men d\u00e5 corona kommit mellan \u00e4r detta m\u00e4sterskap tyv\u00e4rr inst\u00e4llt i \u00e5r. Ist\u00e4llet har svenska friidrottsf\u00f6rbundet valt att k\u00f6ra [&hellip;] <a href=\"https:\/\/heleneholmsif.se\/friidrott\/emilia-wamsler-uttagen-till-f17-landslaget\/\" class=\"readmore\">L\u00e4s mer<i class=\"icon-forward\"><\/i><\/a><\/p>\n","protected":false},"author":9,"featured_media":0,"comment_status":"closed","ping_status":"closed","sticky":false,"template":"","format":"standard","meta":{"_mi_skip_tracking":false,"footnotes":""},"categories":[8,32,121,13,27,52],"tags":[44,43,29,31],"class_list":["post-2865","post","type-post","status-publish","format-standard","hentry","category-friidrott","category-kasttavling","category-statistik","category-tavling","category-tavlingar","category-tavlingsresa","tag-diskus","tag-heleneholmsif","tag-landslag","tag-malmo"],"_links":{"self":[{"href":"https:\/\/heleneholmsif.se\/friidrott\/wp-json\/wp\/v2\/posts\/2865","targetHints":{"allow":["GET"]}}],"collection":[{"href":"https:\/\/heleneholmsif.se\/friidrott\/wp-json\/wp\/v2\/posts"}],"about":[{"href":"https:\/\/heleneholmsif.se\/friidrott\/wp-json\/wp\/v2\/types\/post"}],"author":[{"embeddable":true,"href":"https:\/\/heleneholmsif.se\/friidrott\/wp-json\/wp\/v2\/users\/9"}],"replies":[{"embeddable":true,"href":"https:\/\/heleneholmsif.se\/friidrott\/wp-json\/wp\/v2\/comments?post=2865"}],"version-history":[{"count":1,"href":"https:\/\/heleneholmsif.se\/friidrott\/wp-json\/wp\/v2\/posts\/2865\/revisions"}],"predecessor-version":[{"id":2866,"href":"https:\/\/heleneholmsif.se\/friidrott\/wp-json\/wp\/v2\/posts\/2865\/revisions\/2866"}],"wp:attachment":[{"href":"https:\/\/heleneholmsif.se\/friidrott\/wp-json\/wp\/v2\/media?parent=2865"}],"wp:term":[{"taxonomy":"category","embeddable":true,"href":"https:\/\/heleneholmsif.se\/friidrott\/wp-json\/wp\/v2\/categories?post=2865"},{"taxonomy":"post_tag","embeddable":true,"href":"https:\/\/heleneholmsif.se\/friidrott\/wp-json\/wp\/v2\/tags?post=2865"}],"curies":[{"name":"wp","href":"https:\/\/api.w.org\/{rel}","templated":true}]}}