{"id":2869,"date":"2020-08-12T13:28:06","date_gmt":"2020-08-12T11:28:06","guid":{"rendered":"http:\/\/heleneholmsif.se\/friidrott\/?p=2869"},"modified":"2020-08-12T13:28:08","modified_gmt":"2020-08-12T11:28:08","slug":"emilia-wamsler-5a-i-landskampsutmaningen","status":"publish","type":"post","link":"https:\/\/heleneholmsif.se\/friidrott\/emilia-wamsler-5a-i-landskampsutmaningen\/","title":{"rendered":"Emilia Wamsler 5:a i Landskampsutmaningen"},"content":{"rendered":"\n<p>Som vi skrev i tidigare inl\u00e4gg har Emilia Wamsler haft en fin s\u00e4song i diskusringen, vilket gjorde att hon i helgen blev uttagen till junior landslaget n\u00e4r den interna landskampen mellan olika \u00e5ldrar genomf\u00f6rdes i S\u00f6derhamn. 17-\u00e5ringarna som Emilia tillh\u00f6rde m\u00f6tte 19- och 22-\u00e5ringarna, d\u00e4r de \u00e4ldsta inte helt ov\u00e4ntat vann t\u00e4vlingen. <\/p>\n\n\n\n<p>Emilia slutade p\u00e5 en fin femte plats med ett kast p\u00e5 40.22. \u00d6vriga deltagare som var f\u00f6re var \u00e4ldre \u00e4n henne. Grenarna var anpassade efter deltagarnas \u00e5lder (h\u00f6jer\/vikter) men d\u00e5 17-\u00e5ringarna ocks\u00e5 kastar med seniordiskusen hade de \u00e4ldre en klar f\u00f6rdel i just denna gren.<\/p>\n\n\n\n<p>Om n\u00e5gra veckor stundar JSM i Norrk\u00f6ping.<\/p>\n","protected":false},"excerpt":{"rendered":"<p>Som vi skrev i tidigare inl\u00e4gg har Emilia Wamsler haft en fin s\u00e4song i diskusringen, vilket gjorde att hon i helgen blev uttagen till junior landslaget n\u00e4r den interna landskampen mellan olika \u00e5ldrar genomf\u00f6rdes i S\u00f6derhamn. 17-\u00e5ringarna som Emilia tillh\u00f6rde m\u00f6tte 19- och 22-\u00e5ringarna, d\u00e4r de \u00e4ldsta inte helt ov\u00e4ntat vann t\u00e4vlingen. Emilia slutade p\u00e5 [&hellip;] <a href=\"https:\/\/heleneholmsif.se\/friidrott\/emilia-wamsler-5a-i-landskampsutmaningen\/\" class=\"readmore\">L\u00e4s mer<i class=\"icon-forward\"><\/i><\/a><\/p>\n","protected":false},"author":9,"featured_media":0,"comment_status":"closed","ping_status":"closed","sticky":false,"template":"","format":"standard","meta":{"_mi_skip_tracking":false,"footnotes":""},"categories":[8,32],"tags":[44,18,45,180,181],"class_list":["post-2869","post","type-post","status-publish","format-standard","hentry","category-friidrott","category-kasttavling","tag-diskus","tag-friidrott","tag-heleneholms-if","tag-landskamp","tag-landslaget"],"_links":{"self":[{"href":"https:\/\/heleneholmsif.se\/friidrott\/wp-json\/wp\/v2\/posts\/2869","targetHints":{"allow":["GET"]}}],"collection":[{"href":"https:\/\/heleneholmsif.se\/friidrott\/wp-json\/wp\/v2\/posts"}],"about":[{"href":"https:\/\/heleneholmsif.se\/friidrott\/wp-json\/wp\/v2\/types\/post"}],"author":[{"embeddable":true,"href":"https:\/\/heleneholmsif.se\/friidrott\/wp-json\/wp\/v2\/users\/9"}],"replies":[{"embeddable":true,"href":"https:\/\/heleneholmsif.se\/friidrott\/wp-json\/wp\/v2\/comments?post=2869"}],"version-history":[{"count":1,"href":"https:\/\/heleneholmsif.se\/friidrott\/wp-json\/wp\/v2\/posts\/2869\/revisions"}],"predecessor-version":[{"id":2870,"href":"https:\/\/heleneholmsif.se\/friidrott\/wp-json\/wp\/v2\/posts\/2869\/revisions\/2870"}],"wp:attachment":[{"href":"https:\/\/heleneholmsif.se\/friidrott\/wp-json\/wp\/v2\/media?parent=2869"}],"wp:term":[{"taxonomy":"category","embeddable":true,"href":"https:\/\/heleneholmsif.se\/friidrott\/wp-json\/wp\/v2\/categories?post=2869"},{"taxonomy":"post_tag","embeddable":true,"href":"https:\/\/heleneholmsif.se\/friidrott\/wp-json\/wp\/v2\/tags?post=2869"}],"curies":[{"name":"wp","href":"https:\/\/api.w.org\/{rel}","templated":true}]}}