{"id":2871,"date":"2020-08-14T15:13:06","date_gmt":"2020-08-14T13:13:06","guid":{"rendered":"http:\/\/heleneholmsif.se\/friidrott\/?p=2871"},"modified":"2020-08-14T15:13:08","modified_gmt":"2020-08-14T13:13:08","slug":"mattias-ohlsson-tavlar-pa-sm-i-uppsala","status":"publish","type":"post","link":"https:\/\/heleneholmsif.se\/friidrott\/mattias-ohlsson-tavlar-pa-sm-i-uppsala\/","title":{"rendered":"Mattias Ohlsson t\u00e4vlar p\u00e5 SM i Uppsala"},"content":{"rendered":"\n<p>Ikv\u00e4ll startar friidrotts-SM i Uppsala d\u00e4r det i \u00e5r blir utan n\u00e5gon publik. Fr\u00e5n klubben har Mattias Ohlsson \u00e5kt upp f\u00f6r att springa 1500m f\u00f6rs\u00f6k ikv\u00e4ll (18.15 ) och eventuellt 800m imorgon beroende p\u00e5 utg\u00e5ngen idag. Vi \u00f6nskar ett stort lycka till! F\u00f6r de som vill f\u00f6lja t\u00e4vlingarna s\u00e4nds SM p\u00e5 SVT fr\u00e5n 16.00.<\/p>\n","protected":false},"excerpt":{"rendered":"<p>Ikv\u00e4ll startar friidrotts-SM i Uppsala d\u00e4r det i \u00e5r blir utan n\u00e5gon publik. Fr\u00e5n klubben har Mattias Ohlsson \u00e5kt upp f\u00f6r att springa 1500m f\u00f6rs\u00f6k ikv\u00e4ll (18.15 ) och eventuellt 800m imorgon beroende p\u00e5 utg\u00e5ngen idag. Vi \u00f6nskar ett stort lycka till! F\u00f6r de som vill f\u00f6lja t\u00e4vlingarna s\u00e4nds SM p\u00e5 SVT fr\u00e5n 16.00.<\/p>\n","protected":false},"author":9,"featured_media":0,"comment_status":"closed","ping_status":"closed","sticky":false,"template":"","format":"standard","meta":{"_mi_skip_tracking":false,"footnotes":""},"categories":[8],"tags":[72,63,18,43,31,22,78],"class_list":["post-2871","post","type-post","status-publish","format-standard","hentry","category-friidrott","tag-1500m","tag-800m","tag-friidrott","tag-heleneholmsif","tag-malmo","tag-medeldistans","tag-sm"],"_links":{"self":[{"href":"https:\/\/heleneholmsif.se\/friidrott\/wp-json\/wp\/v2\/posts\/2871","targetHints":{"allow":["GET"]}}],"collection":[{"href":"https:\/\/heleneholmsif.se\/friidrott\/wp-json\/wp\/v2\/posts"}],"about":[{"href":"https:\/\/heleneholmsif.se\/friidrott\/wp-json\/wp\/v2\/types\/post"}],"author":[{"embeddable":true,"href":"https:\/\/heleneholmsif.se\/friidrott\/wp-json\/wp\/v2\/users\/9"}],"replies":[{"embeddable":true,"href":"https:\/\/heleneholmsif.se\/friidrott\/wp-json\/wp\/v2\/comments?post=2871"}],"version-history":[{"count":1,"href":"https:\/\/heleneholmsif.se\/friidrott\/wp-json\/wp\/v2\/posts\/2871\/revisions"}],"predecessor-version":[{"id":2872,"href":"https:\/\/heleneholmsif.se\/friidrott\/wp-json\/wp\/v2\/posts\/2871\/revisions\/2872"}],"wp:attachment":[{"href":"https:\/\/heleneholmsif.se\/friidrott\/wp-json\/wp\/v2\/media?parent=2871"}],"wp:term":[{"taxonomy":"category","embeddable":true,"href":"https:\/\/heleneholmsif.se\/friidrott\/wp-json\/wp\/v2\/categories?post=2871"},{"taxonomy":"post_tag","embeddable":true,"href":"https:\/\/heleneholmsif.se\/friidrott\/wp-json\/wp\/v2\/tags?post=2871"}],"curies":[{"name":"wp","href":"https:\/\/api.w.org\/{rel}","templated":true}]}}