{"id":2897,"date":"2020-08-21T17:02:40","date_gmt":"2020-08-21T15:02:40","guid":{"rendered":"http:\/\/heleneholmsif.se\/friidrott\/?p=2897"},"modified":"2020-08-21T17:19:57","modified_gmt":"2020-08-21T15:19:57","slug":"emilia-aker-till-jsm-kast-emma-aker-till-usm-hopp","status":"publish","type":"post","link":"https:\/\/heleneholmsif.se\/friidrott\/emilia-aker-till-jsm-kast-emma-aker-till-usm-hopp\/","title":{"rendered":"Emilia \u00e5ker till JSM-kast &#038; Emma \u00e5ker till USM hopp"},"content":{"rendered":"\n<p>I helgen stundar ett annorlunda USM &amp; JSM i friidrott d\u00e4r endast 16 deltagare som kvalat in f\u00e5r delta i \u00e5rets m\u00e4sterskap p.g.a corona. L\u00e4s mer nedan om v\u00e5ra tv\u00e5 unga tjejer som \u00e5ker till olika platser f\u00f6r att t\u00e4vla om medaljerna i helgen. Vi fr\u00e5n klubben \u00f6nskar ett stort lycka till, ha kul och fightas h\u00e5rt!<br><\/p>\n\n\n\n<p><strong>Emilia Wamsler<\/strong><br>V\u00e5r duktiga diskuskastare Emilia Wamsler \u00e5ker till Norrk\u00f6ping f\u00f6r att kasta diskus. S\u00e4songen har sett v\u00e4ldigt stabil ut med flertalet kast mellan 40-44 meter. Inf\u00f6r t\u00e4vlingen ligger hon Sverigeetta med 44.85. Om kastningen st\u00e4mmer till helgen finns det goda chanser till att vinna medalj. <\/p>\n\n\n\n<p><strong>Emma L\u00f6fkvist<\/strong><br>Emma \u00e4r en atlet som \u00e4r duktig i flertalet grenar, nu v\u00e4ntar hennes f\u00f6rsta m\u00e4sterskap n\u00e4r USM avg\u00f6rs i l\u00e4ngdhopp i Sollentuna, Stockholm. Emma ligger i \u00e5rsstatistiken p\u00e5 16:onde plats (en t\u00e4vling) men hoppade vid en t\u00e4vling p\u00e5 Heleneholm f\u00f6rra veckan 5.52. Detta skulle egentligen inneburit en delad andraplats i Sverigestatstiken, men d\u00e5 hoppet gjordes i precis \u00f6ver godk\u00e4nd medvind (2,2) med 2.0 som regelm\u00e4ssigt godk\u00e4nt s\u00e5 r\u00e4knas ej resultatet officiellt. Det finns d\u00e4rf\u00f6r stora chanser att kl\u00e4ttra placeringar i helgen och om det vill sig v\u00e4l kampas om medaljerna. <br><br><\/p>\n","protected":false},"excerpt":{"rendered":"<p>I helgen stundar ett annorlunda USM &amp; JSM i friidrott d\u00e4r endast 16 deltagare som kvalat in f\u00e5r delta i \u00e5rets m\u00e4sterskap p.g.a corona. L\u00e4s mer nedan om v\u00e5ra tv\u00e5 unga tjejer som \u00e5ker till olika platser f\u00f6r att t\u00e4vla om medaljerna i helgen. Vi fr\u00e5n klubben \u00f6nskar ett stort lycka till, ha kul och [&hellip;] <a href=\"https:\/\/heleneholmsif.se\/friidrott\/emilia-aker-till-jsm-kast-emma-aker-till-usm-hopp\/\" class=\"readmore\">L\u00e4s mer<i class=\"icon-forward\"><\/i><\/a><\/p>\n","protected":false},"author":9,"featured_media":0,"comment_status":"closed","ping_status":"closed","sticky":false,"template":"","format":"standard","meta":{"_mi_skip_tracking":false,"footnotes":""},"categories":[1],"tags":[44,76,106,125],"class_list":["post-2897","post","type-post","status-publish","format-standard","hentry","category-okategoriserade","tag-diskus","tag-jsm","tag-langdhopp","tag-usm"],"_links":{"self":[{"href":"https:\/\/heleneholmsif.se\/friidrott\/wp-json\/wp\/v2\/posts\/2897","targetHints":{"allow":["GET"]}}],"collection":[{"href":"https:\/\/heleneholmsif.se\/friidrott\/wp-json\/wp\/v2\/posts"}],"about":[{"href":"https:\/\/heleneholmsif.se\/friidrott\/wp-json\/wp\/v2\/types\/post"}],"author":[{"embeddable":true,"href":"https:\/\/heleneholmsif.se\/friidrott\/wp-json\/wp\/v2\/users\/9"}],"replies":[{"embeddable":true,"href":"https:\/\/heleneholmsif.se\/friidrott\/wp-json\/wp\/v2\/comments?post=2897"}],"version-history":[{"count":2,"href":"https:\/\/heleneholmsif.se\/friidrott\/wp-json\/wp\/v2\/posts\/2897\/revisions"}],"predecessor-version":[{"id":2899,"href":"https:\/\/heleneholmsif.se\/friidrott\/wp-json\/wp\/v2\/posts\/2897\/revisions\/2899"}],"wp:attachment":[{"href":"https:\/\/heleneholmsif.se\/friidrott\/wp-json\/wp\/v2\/media?parent=2897"}],"wp:term":[{"taxonomy":"category","embeddable":true,"href":"https:\/\/heleneholmsif.se\/friidrott\/wp-json\/wp\/v2\/categories?post=2897"},{"taxonomy":"post_tag","embeddable":true,"href":"https:\/\/heleneholmsif.se\/friidrott\/wp-json\/wp\/v2\/tags?post=2897"}],"curies":[{"name":"wp","href":"https:\/\/api.w.org\/{rel}","templated":true}]}}