{"id":2901,"date":"2020-08-24T13:47:25","date_gmt":"2020-08-24T11:47:25","guid":{"rendered":"http:\/\/heleneholmsif.se\/friidrott\/?p=2901"},"modified":"2020-08-24T13:48:37","modified_gmt":"2020-08-24T11:48:37","slug":"usm-guld-till-emma-lofkvist","status":"publish","type":"post","link":"https:\/\/heleneholmsif.se\/friidrott\/usm-guld-till-emma-lofkvist\/","title":{"rendered":"USM guld till Emma L\u00f6fkvist"},"content":{"rendered":"\n<p> Klubben tar sin andra guldmedalj idag p\u00e5 lika m\u00e5nga starter i helgen n\u00e4r Emma L\u00f6fkvist fick till en fulltr\u00e4ff vid sitt f\u00f6rsta m\u00e4sterskap vid USM i Sollentuna. Efter att ha hoppat 5.58 i andra omg\u00e5ngen (personb\u00e4sta med flera centimeter) blev det en j\u00e4mn och sp\u00e4nnande t\u00e4vling hela v\u00e4gen d\u00e4r det till slut skiljde ynka 4 cm mellan guldet och bronset\u203c\ufe0f Vi \u00f6nskar stort grattis till Emma L\u00f6fkvist och hennes tr\u00e4nare Adrian Mehic. <\/p>\n\n\n\n<figure class=\"wp-block-image\"><figure id=\"attachment_2905\" class=\"alignnone\"><div class=\"\"><img loading=\"lazy\" decoding=\"async\" width=\"349\" height=\"360\" src=\"http:\/\/heleneholmsif.se\/friidrott\/wp-content\/uploads\/sites\/4\/2020\/08\/118357132_366054574392546_6908729708603250932_n.jpg\" alt=\"\" class=\"wp-image-2905\" srcset=\"https:\/\/heleneholmsif.se\/friidrott\/wp-content\/uploads\/sites\/4\/2020\/08\/118357132_366054574392546_6908729708603250932_n.jpg 349w, https:\/\/heleneholmsif.se\/friidrott\/wp-content\/uploads\/sites\/4\/2020\/08\/118357132_366054574392546_6908729708603250932_n-291x300.jpg 291w, https:\/\/heleneholmsif.se\/friidrott\/wp-content\/uploads\/sites\/4\/2020\/08\/118357132_366054574392546_6908729708603250932_n-58x60.jpg 58w\" sizes=\"auto, (max-width: 349px) 100vw, 349px\" \/><\/div><\/figure><\/figure>\n","protected":false},"excerpt":{"rendered":"<p>Klubben tar sin andra guldmedalj idag p\u00e5 lika m\u00e5nga starter i helgen n\u00e4r Emma L\u00f6fkvist fick till en fulltr\u00e4ff vid sitt f\u00f6rsta m\u00e4sterskap vid USM i Sollentuna. Efter att ha hoppat 5.58 i andra omg\u00e5ngen (personb\u00e4sta med flera centimeter) blev det en j\u00e4mn och sp\u00e4nnande t\u00e4vling hela v\u00e4gen d\u00e4r det till slut skiljde ynka 4 [&hellip;] <a href=\"https:\/\/heleneholmsif.se\/friidrott\/usm-guld-till-emma-lofkvist\/\" class=\"readmore\">L\u00e4s mer<i class=\"icon-forward\"><\/i><\/a><\/p>\n","protected":false},"author":9,"featured_media":0,"comment_status":"closed","ping_status":"closed","sticky":false,"template":"","format":"standard","meta":{"_mi_skip_tracking":false,"footnotes":""},"categories":[1],"tags":[18,106,78,186],"class_list":["post-2901","post","type-post","status-publish","format-standard","hentry","category-okategoriserade","tag-friidrott","tag-langdhopp","tag-sm","tag-sm-guld"],"_links":{"self":[{"href":"https:\/\/heleneholmsif.se\/friidrott\/wp-json\/wp\/v2\/posts\/2901","targetHints":{"allow":["GET"]}}],"collection":[{"href":"https:\/\/heleneholmsif.se\/friidrott\/wp-json\/wp\/v2\/posts"}],"about":[{"href":"https:\/\/heleneholmsif.se\/friidrott\/wp-json\/wp\/v2\/types\/post"}],"author":[{"embeddable":true,"href":"https:\/\/heleneholmsif.se\/friidrott\/wp-json\/wp\/v2\/users\/9"}],"replies":[{"embeddable":true,"href":"https:\/\/heleneholmsif.se\/friidrott\/wp-json\/wp\/v2\/comments?post=2901"}],"version-history":[{"count":2,"href":"https:\/\/heleneholmsif.se\/friidrott\/wp-json\/wp\/v2\/posts\/2901\/revisions"}],"predecessor-version":[{"id":2906,"href":"https:\/\/heleneholmsif.se\/friidrott\/wp-json\/wp\/v2\/posts\/2901\/revisions\/2906"}],"wp:attachment":[{"href":"https:\/\/heleneholmsif.se\/friidrott\/wp-json\/wp\/v2\/media?parent=2901"}],"wp:term":[{"taxonomy":"category","embeddable":true,"href":"https:\/\/heleneholmsif.se\/friidrott\/wp-json\/wp\/v2\/categories?post=2901"},{"taxonomy":"post_tag","embeddable":true,"href":"https:\/\/heleneholmsif.se\/friidrott\/wp-json\/wp\/v2\/tags?post=2901"}],"curies":[{"name":"wp","href":"https:\/\/api.w.org\/{rel}","templated":true}]}}