{"id":2908,"date":"2020-08-27T13:51:13","date_gmt":"2020-08-27T11:51:13","guid":{"rendered":"http:\/\/heleneholmsif.se\/friidrott\/?p=2908"},"modified":"2020-08-27T13:51:16","modified_gmt":"2020-08-27T11:51:16","slug":"emma-aker-till-usm-for-att-springa-300mh-300m","status":"publish","type":"post","link":"https:\/\/heleneholmsif.se\/friidrott\/emma-aker-till-usm-for-att-springa-300mh-300m\/","title":{"rendered":"Emma \u00e5ker till USM f\u00f6r att springa 300mH &#038; 300m"},"content":{"rendered":"\n<p style=\"text-align:left\"> Till helgen \u00e4r det dags f\u00f6r \u00e5rets sista individuella m\u00e4sterskap inom friidrotten p\u00e5 bana n\u00e4r USM \/ JSM avg\u00f6rs i l\u00f6pning respektive hopp. <\/p>\n\n\n\n<p>Emma L\u00f6fkvist som f\u00f6reg\u00e5ende helg vann guld i l\u00e4ngdhopp \u00e5ker upp till USM i Norrk\u00f6ping f\u00f6r att delta i 300mH under l\u00f6rdagen och 300m utan h\u00e4ckar p\u00e5 s\u00f6ndag. Grenarna sker enligt \u00e5rets uppl\u00e4gg som final direkt. I 300mH ligger Emma tv\u00e5a i \u00e5rsstatistiken (sprungit endast ett lopp) och i 300m 3:a inf\u00f6r t\u00e4vlingarna. <\/p>\n\n\n\n<p><a href=\"https:\/\/register.webathletics.se\/entrylist\/113\">Startlista<\/a><br>Tidsprogram <a href=\"https:\/\/www.tjalve.nu\/globalassets\/tjalve-if-norrkoping-usm-2020\/dokument\/tidsprogram_29aug.pdf\">l\u00f6rdag<\/a> &#8211; <a href=\"https:\/\/www.tjalve.nu\/globalassets\/tjalve-if-norrkoping-usm-2020\/dokument\/tidsprogram_30aug.pdf\">s\u00f6ndag<\/a><\/p>\n\n\n\n<p>Det blir med andra ord en sp\u00e4nnande t\u00e4vlingshelg igen att f\u00f6lja d\u00e4r dessutom G\u00f6teborgs GP avg\u00f6rs under l\u00f6rdagen med flera av Sverigeelit p\u00e5 plats (s\u00e4nds p\u00e5 SVT), d\u00e4r b.la Mattias Ohlsson springer 1500m. \n\n<\/p>\n","protected":false},"excerpt":{"rendered":"<p>Till helgen \u00e4r det dags f\u00f6r \u00e5rets sista individuella m\u00e4sterskap inom friidrotten p\u00e5 bana n\u00e4r USM \/ JSM avg\u00f6rs i l\u00f6pning respektive hopp. Emma L\u00f6fkvist som f\u00f6reg\u00e5ende helg vann guld i l\u00e4ngdhopp \u00e5ker upp till USM i Norrk\u00f6ping f\u00f6r att delta i 300mH under l\u00f6rdagen och 300m utan h\u00e4ckar p\u00e5 s\u00f6ndag. Grenarna sker enligt \u00e5rets [&hellip;] <a href=\"https:\/\/heleneholmsif.se\/friidrott\/emma-aker-till-usm-for-att-springa-300mh-300m\/\" class=\"readmore\">L\u00e4s mer<i class=\"icon-forward\"><\/i><\/a><\/p>\n","protected":false},"author":9,"featured_media":0,"comment_status":"closed","ping_status":"closed","sticky":false,"template":"","format":"standard","meta":{"_mi_skip_tracking":false,"footnotes":""},"categories":[8,35,13,27],"tags":[188,140,18,43],"class_list":["post-2908","post","type-post","status-publish","format-standard","hentry","category-friidrott","category-sm","category-tavling","category-tavlingar","tag-300m","tag-300mh","tag-friidrott","tag-heleneholmsif"],"_links":{"self":[{"href":"https:\/\/heleneholmsif.se\/friidrott\/wp-json\/wp\/v2\/posts\/2908","targetHints":{"allow":["GET"]}}],"collection":[{"href":"https:\/\/heleneholmsif.se\/friidrott\/wp-json\/wp\/v2\/posts"}],"about":[{"href":"https:\/\/heleneholmsif.se\/friidrott\/wp-json\/wp\/v2\/types\/post"}],"author":[{"embeddable":true,"href":"https:\/\/heleneholmsif.se\/friidrott\/wp-json\/wp\/v2\/users\/9"}],"replies":[{"embeddable":true,"href":"https:\/\/heleneholmsif.se\/friidrott\/wp-json\/wp\/v2\/comments?post=2908"}],"version-history":[{"count":1,"href":"https:\/\/heleneholmsif.se\/friidrott\/wp-json\/wp\/v2\/posts\/2908\/revisions"}],"predecessor-version":[{"id":2909,"href":"https:\/\/heleneholmsif.se\/friidrott\/wp-json\/wp\/v2\/posts\/2908\/revisions\/2909"}],"wp:attachment":[{"href":"https:\/\/heleneholmsif.se\/friidrott\/wp-json\/wp\/v2\/media?parent=2908"}],"wp:term":[{"taxonomy":"category","embeddable":true,"href":"https:\/\/heleneholmsif.se\/friidrott\/wp-json\/wp\/v2\/categories?post=2908"},{"taxonomy":"post_tag","embeddable":true,"href":"https:\/\/heleneholmsif.se\/friidrott\/wp-json\/wp\/v2\/tags?post=2908"}],"curies":[{"name":"wp","href":"https:\/\/api.w.org\/{rel}","templated":true}]}}