{"id":2932,"date":"2020-09-23T11:34:29","date_gmt":"2020-09-23T09:34:29","guid":{"rendered":"http:\/\/heleneholmsif.se\/friidrott\/?p=2932"},"modified":"2020-09-23T11:34:31","modified_gmt":"2020-09-23T09:34:31","slug":"heleneholms-if-har-dubbelsorg-hedersmedlem-arne-andersson-har-avlidit","status":"publish","type":"post","link":"https:\/\/heleneholmsif.se\/friidrott\/heleneholms-if-har-dubbelsorg-hedersmedlem-arne-andersson-har-avlidit\/","title":{"rendered":"Heleneholms IF har dubbelsorg, hedersmedlem Arne Andersson har avlidit"},"content":{"rendered":"\n<p>Arne Andersson<\/p>\n\n\n\n<p>17\/12 1932\u201422\/9\n2020<\/p>\n\n\n\n<p>Det har varit tv\u00e5\ntunga dagar f\u00f6r Heleneholms IF.<\/p>\n\n\n\n<p>I m\u00e5ndags dog UIf\nAgrell och under tisdagen hedersmedlemmen Arne Andersson, tv\u00e5 av klubbens mest\nbetydelsefulla ledare.<\/p>\n\n\n\n<p>Arne kom till\nHeleneholm fr\u00e5n Skivarp under 1950-talet och blev sk\u00e5nsk m\u00e4stare vid tre\ntillf\u00e4llen, en g\u00e5ng i stafett 4&#215;800 m och tv\u00e5 g\u00e5nger lagm\u00e4stare i\nterr\u00e4ngl\u00f6pning.<\/p>\n\n\n\n<p>Men det \u00e4r som\nledare han f\u00f6r alltid skrivit in sig i Heleneholms historia. Sigge Bennhagen,\nen av klubbens grundare, hade efter m\u00e5nga \u00e5r som ordf\u00f6rande avg\u00e5tt och hans\neftertr\u00e4dare Sven-Erik Granehall hade flyttat till Berlin. 1961 stod klubben,\nd\u00e5 utan n\u00e5gon st\u00f6rre ungdomssektion och med f\u00e5 seniorer, n\u00e4stan enbart l\u00f6pare,\nutan ordf\u00f6rande. Arne, d\u00e5 endast 29 \u00e5r, \u00e5tog sig, i \u00e4rlighetens namn,\nmotvilligt, uppdraget. Det var b\u00f6rjan till det som ledde till att Heleneholms\nIF under n\u00e5gra decennier var en av landets fr\u00e4msta friidrottsklubbar med en\nstor ungdomsbredd som resulterade i m\u00e5nga aktiva av h\u00f6g svensk elitklass. Under\nde f\u00f6rsta \u00e5ren drog hustrun Kerstin ett stort lass i det administrativa\narbetet. <\/p>\n\n\n\n<p>Arne v\u00e4rnade om\nalla, det skulle finnas plats f\u00f6r nyb\u00f6rjare och elit. Den m\u00e5ls\u00e4ttningen\nlyckades han med.<\/p>\n\n\n\n<p>Den idrottsliga\nh\u00f6jdpunkten f\u00f6r honom och Kerstin var dock h\u00f6gst personligt. Det var n\u00e4r\ndottern Carina (Madsen) 1975 blev svensk m\u00e4starinna i h\u00f6jdhopp och satte nytt\nsvenskt rekord med 1.84. <\/p>\n\n\n\n<p>1965 erh\u00f6ll Arne\nSk\u00e5nes Friidrottsf\u00f6rbunds ledarplakett och 1995 Sk\u00e5nes Idrottsf\u00f6rbunds\nledarpokal, som distriktets fr\u00e4mste ledare, alla idrotter inr\u00e4knade.<\/p>\n\n\n\n<p>D\u00e5 hade Arne under\nmitten av 1980-talet l\u00e4mnat Heleneholms IF, som d\u00e5 var p\u00e5 toppen som\nfriidrottsklubb. Efter n\u00e5gra \u00e5r utan ideellt idrottsledarjobb \u00f6vertalades han \u2013\nav samma orsak som 1961 i Heleneholm, ledarbrist \u2013 att bli ordf\u00f6rande i IK\nFinish. Det var inledningen till det som gjorde Vellingeklubben till en av\nlandets fr\u00e4msta f\u00f6reningar att fostra talanger av h\u00f6g klass.<\/p>\n\n\n\n<p>Sk\u00e5nsk friidrott har f\u00f6rlorat en av sina absolut fr\u00e4msta ledare genom alla tider.<\/p>\n\n\n\n<p>Ovanst\u00e5ende text \u00e4r skriven av n\u00e4ra v\u00e4nnen Magnus &#8221;Masse&#8221; M\u00e5nsson.<\/p>\n\n\n<p><!--EndFragment--><br>\n<br>\n<\/p>","protected":false},"excerpt":{"rendered":"<p>Arne Andersson 17\/12 1932\u201422\/9 2020 Det har varit tv\u00e5 tunga dagar f\u00f6r Heleneholms IF. I m\u00e5ndags dog UIf Agrell och under tisdagen hedersmedlemmen Arne Andersson, tv\u00e5 av klubbens mest betydelsefulla ledare. Arne kom till Heleneholm fr\u00e5n Skivarp under 1950-talet och blev sk\u00e5nsk m\u00e4stare vid tre tillf\u00e4llen, en g\u00e5ng i stafett 4&#215;800 m och tv\u00e5 g\u00e5nger [&hellip;] <a href=\"https:\/\/heleneholmsif.se\/friidrott\/heleneholms-if-har-dubbelsorg-hedersmedlem-arne-andersson-har-avlidit\/\" class=\"readmore\">L\u00e4s mer<i class=\"icon-forward\"><\/i><\/a><\/p>\n","protected":false},"author":9,"featured_media":0,"comment_status":"closed","ping_status":"closed","sticky":false,"template":"","format":"standard","meta":{"_mi_skip_tracking":false,"footnotes":""},"categories":[8],"tags":[43,189],"class_list":["post-2932","post","type-post","status-publish","format-standard","hentry","category-friidrott","tag-heleneholmsif","tag-sorg"],"_links":{"self":[{"href":"https:\/\/heleneholmsif.se\/friidrott\/wp-json\/wp\/v2\/posts\/2932","targetHints":{"allow":["GET"]}}],"collection":[{"href":"https:\/\/heleneholmsif.se\/friidrott\/wp-json\/wp\/v2\/posts"}],"about":[{"href":"https:\/\/heleneholmsif.se\/friidrott\/wp-json\/wp\/v2\/types\/post"}],"author":[{"embeddable":true,"href":"https:\/\/heleneholmsif.se\/friidrott\/wp-json\/wp\/v2\/users\/9"}],"replies":[{"embeddable":true,"href":"https:\/\/heleneholmsif.se\/friidrott\/wp-json\/wp\/v2\/comments?post=2932"}],"version-history":[{"count":1,"href":"https:\/\/heleneholmsif.se\/friidrott\/wp-json\/wp\/v2\/posts\/2932\/revisions"}],"predecessor-version":[{"id":2933,"href":"https:\/\/heleneholmsif.se\/friidrott\/wp-json\/wp\/v2\/posts\/2932\/revisions\/2933"}],"wp:attachment":[{"href":"https:\/\/heleneholmsif.se\/friidrott\/wp-json\/wp\/v2\/media?parent=2932"}],"wp:term":[{"taxonomy":"category","embeddable":true,"href":"https:\/\/heleneholmsif.se\/friidrott\/wp-json\/wp\/v2\/categories?post=2932"},{"taxonomy":"post_tag","embeddable":true,"href":"https:\/\/heleneholmsif.se\/friidrott\/wp-json\/wp\/v2\/tags?post=2932"}],"curies":[{"name":"wp","href":"https:\/\/api.w.org\/{rel}","templated":true}]}}