{"id":3181,"date":"2021-06-21T13:53:37","date_gmt":"2021-06-21T11:53:37","guid":{"rendered":"http:\/\/heleneholmsif.se\/friidrott\/?p=3181"},"modified":"2021-06-21T13:53:38","modified_gmt":"2021-06-21T11:53:38","slug":"resultat-heleneholmskastet-3-emilia-w-med-nytt-personbasta","status":"publish","type":"post","link":"https:\/\/heleneholmsif.se\/friidrott\/resultat-heleneholmskastet-3-emilia-w-med-nytt-personbasta\/","title":{"rendered":"Resultat Heleneholmskastet #3 &#8211; Emilia W med nytt personb\u00e4sta"},"content":{"rendered":"\n<p>I helgen arrangerade v\u00e5r kasttr\u00e4nare Jonas Forsberg sin tredje lokala t\u00e4vling f\u00f6r utomhuss\u00e4songen. Resultat hittar du nedan.<\/p>\n\n\n\n<p><a href=\"http:\/\/heleneholmsif.se\/friidrott\/wp-content\/uploads\/sites\/4\/2021\/06\/210620-Malmo\u0308-Heleneholmskastet-3.pdf\">Resultat Heleneholmskastet #3<\/a><\/p>\n\n\n\n<p>Fr\u00e5n klubben \u00f6vertygade Emilia Wamsler \u00e4nnu en g\u00e5ng n\u00e4r hon ut\u00f6kade sitt nyligen satta personrekord med n\u00e5gra decimeter till 46.41. Hon ut\u00f6kade d\u00e4rmed \u00e4ven sin plats som Sverigeetta. Kastet \u00e4r ynka 28 cm ifr\u00e5n Lina Bengtsons klubbrekord fr\u00e5n 2013, \u00e4ven detta satt p\u00e5 kastplanen i Malm\u00f6. Rekordet lever nu v\u00e4ldigt farligt och fr\u00e5gan \u00e4r om vi inte f\u00e5r se \u00e4nnu ett klubbrekord i diskus tas av Emilia innan s\u00e4songen \u00e4r \u00f6ver (hon slog f\u00f6rra \u00e5ret just Lina Bengtsons rekord i F17 diskus).<\/p>\n","protected":false},"excerpt":{"rendered":"<p>I helgen arrangerade v\u00e5r kasttr\u00e4nare Jonas Forsberg sin tredje lokala t\u00e4vling f\u00f6r utomhuss\u00e4songen. Resultat hittar du nedan. Resultat Heleneholmskastet #3 Fr\u00e5n klubben \u00f6vertygade Emilia Wamsler \u00e4nnu en g\u00e5ng n\u00e4r hon ut\u00f6kade sitt nyligen satta personrekord med n\u00e5gra decimeter till 46.41. Hon ut\u00f6kade d\u00e4rmed \u00e4ven sin plats som Sverigeetta. Kastet \u00e4r ynka 28 cm ifr\u00e5n Lina [&hellip;] <a href=\"https:\/\/heleneholmsif.se\/friidrott\/resultat-heleneholmskastet-3-emilia-w-med-nytt-personbasta\/\" class=\"readmore\">L\u00e4s mer<i class=\"icon-forward\"><\/i><\/a><\/p>\n","protected":false},"author":9,"featured_media":0,"comment_status":"closed","ping_status":"closed","sticky":false,"template":"","format":"standard","meta":{"_mi_skip_tracking":false,"footnotes":""},"categories":[8,32,27],"tags":[44,43,33,68,31,70,69],"class_list":["post-3181","post","type-post","status-publish","format-standard","hentry","category-friidrott","category-kasttavling","category-tavlingar","tag-diskus","tag-heleneholmsif","tag-kasttavling","tag-kula","tag-malmo","tag-slagga","tag-spjut"],"_links":{"self":[{"href":"https:\/\/heleneholmsif.se\/friidrott\/wp-json\/wp\/v2\/posts\/3181","targetHints":{"allow":["GET"]}}],"collection":[{"href":"https:\/\/heleneholmsif.se\/friidrott\/wp-json\/wp\/v2\/posts"}],"about":[{"href":"https:\/\/heleneholmsif.se\/friidrott\/wp-json\/wp\/v2\/types\/post"}],"author":[{"embeddable":true,"href":"https:\/\/heleneholmsif.se\/friidrott\/wp-json\/wp\/v2\/users\/9"}],"replies":[{"embeddable":true,"href":"https:\/\/heleneholmsif.se\/friidrott\/wp-json\/wp\/v2\/comments?post=3181"}],"version-history":[{"count":1,"href":"https:\/\/heleneholmsif.se\/friidrott\/wp-json\/wp\/v2\/posts\/3181\/revisions"}],"predecessor-version":[{"id":3183,"href":"https:\/\/heleneholmsif.se\/friidrott\/wp-json\/wp\/v2\/posts\/3181\/revisions\/3183"}],"wp:attachment":[{"href":"https:\/\/heleneholmsif.se\/friidrott\/wp-json\/wp\/v2\/media?parent=3181"}],"wp:term":[{"taxonomy":"category","embeddable":true,"href":"https:\/\/heleneholmsif.se\/friidrott\/wp-json\/wp\/v2\/categories?post=3181"},{"taxonomy":"post_tag","embeddable":true,"href":"https:\/\/heleneholmsif.se\/friidrott\/wp-json\/wp\/v2\/tags?post=3181"}],"curies":[{"name":"wp","href":"https:\/\/api.w.org\/{rel}","templated":true}]}}