{"id":3184,"date":"2021-06-21T14:21:15","date_gmt":"2021-06-21T12:21:15","guid":{"rendered":"http:\/\/heleneholmsif.se\/friidrott\/?p=3184"},"modified":"2021-06-21T14:21:16","modified_gmt":"2021-06-21T12:21:16","slug":"tavlingsrapport-fran-vellinge-malmo","status":"publish","type":"post","link":"https:\/\/heleneholmsif.se\/friidrott\/tavlingsrapport-fran-vellinge-malmo\/","title":{"rendered":"T\u00e4vlingsrapport fr\u00e5n Vellinge &#038; Malm\u00f6"},"content":{"rendered":"\n<p>Friidrottst\u00e4vlandet forts\u00e4tter f\u00f6r v\u00e5ra aktiva. I helgen arrangerades tre t\u00e4vlingar i lokalomr\u00e5det. Jonas Forsberg arrangerade en kastt\u00e4vling p\u00e5 kastplanen (<a rel=\"noreferrer noopener\" href=\"http:\/\/heleneholmsif.se\/friidrott\/resultat-heleneholmskastet-3-emilia-w-med-nytt-personbasta\/\" target=\"_blank\">l\u00e4s mer h\u00e4r<\/a>), i Malm\u00f6 sprang Adrian Mehic 800m (se nedan) och i Vellinge deltog flertalet barn och ungdomar vid Finish Games.<\/p>\n\n\n\n<p><strong>Malm\u00f6 &#8211; Heleneholm<\/strong><br>Adrian sprang 800m f\u00f6r f\u00f6rsta g\u00e5ngen p\u00e5 2 \u00e5r och gjorde det ett bra lopp p\u00e5 Heleneholms IP. Tiden stannade p\u00e5 1.56.61. Vilket \u00e4r n\u00e4stb\u00e4sta resultatet han gjort.<\/p>\n\n\n\n<p><strong>Finish Games<\/strong><br>M\u00e5nga av v\u00e5ra yngre aktiva valde att avsluta v\u00e5rterminen med en lokal t\u00e4vling hos v\u00e5r v\u00e4nf\u00f6rening i Vellinge IK Finish. F\u00f6r m\u00e5nga var detta deras f\u00f6rsta &#8221;riktiga&#8221; t\u00e4vling och det var underbart att se deras gl\u00e4dje, sammanh\u00e5llning, peppning och k\u00e4mparanda i en enorm hetta. 11 barn mellan 7-11 \u00e5r genomf\u00f6rde minst en gren under s\u00f6ndagen. D\u00e5 resultat inte l\u00e4ngre publiceras i listor i denna \u00e5lder hittas alla individuella resultat <a href=\"https:\/\/easyrecord.se\/result?etAHcc\">h\u00e4r<\/a>. I de \u00e4ldre \u00e5ldrarna t\u00e4vlade Emilia Malml\u00f6f, Sebastian Persson och Moltas Austrell under l\u00f6rdagen och Johannes Karlsson under s\u00f6ndagen. H\u00e4r fick vi bland annat se ett nytt personb\u00e4sta av Emilia i kula och nytt personb\u00e4sta i 60m f\u00f6r Johannes. I hoppgrenarna fick tyv\u00e4rr ingen av dem riktigt till det helt. Moltas som b\u00f6rjade friidrott f\u00f6rra sommaren gjorde sin f\u00f6rsta t\u00e4vling n\u00e5gonsin och som han gjorde det. I P15 klassen p\u00e5 800m sprang han in p\u00e5 tiden 2:08.03. Detta tar upp honom som fyra i Sverigestatistiken. Det ska bli v\u00e4ldigt sp\u00e4nnande att f\u00f6lja utvecklingen hos denna unga talang.<\/p>\n\n\n\n<p>Emilia M<br>F15 Tresteg: 9,29<br>F15 Kula: 10,91 (PB)<br><br>Sebastian P<br>MS 800m: 2:02.46<\/p>\n\n\n\n<p>Moltas A<br>P15 800m: 2:08.03 (PB)<\/p>\n\n\n\n<p>Johannes K 60m: 8.51 (PB)<br>H\u00f6jd: 1:34<br>L\u00e4ngd: X (tre \u00f6vertramp)<\/p>\n\n\n\n<figure class=\"wp-block-image size-large is-style-default\"><figure id=\"attachment_3186\" class=\"alignnone\"><div class=\"\"><img loading=\"lazy\" decoding=\"async\" width=\"1024\" height=\"768\" src=\"http:\/\/heleneholmsif.se\/friidrott\/wp-content\/uploads\/sites\/4\/2021\/06\/IMG-20210621-WA0002-1024x768.jpg\" alt=\"\" class=\"wp-image-3186\" srcset=\"https:\/\/heleneholmsif.se\/friidrott\/wp-content\/uploads\/sites\/4\/2021\/06\/IMG-20210621-WA0002-1024x768.jpg 1024w, https:\/\/heleneholmsif.se\/friidrott\/wp-content\/uploads\/sites\/4\/2021\/06\/IMG-20210621-WA0002-300x225.jpg 300w, https:\/\/heleneholmsif.se\/friidrott\/wp-content\/uploads\/sites\/4\/2021\/06\/IMG-20210621-WA0002-768x576.jpg 768w, https:\/\/heleneholmsif.se\/friidrott\/wp-content\/uploads\/sites\/4\/2021\/06\/IMG-20210621-WA0002-1536x1152.jpg 1536w, https:\/\/heleneholmsif.se\/friidrott\/wp-content\/uploads\/sites\/4\/2021\/06\/IMG-20210621-WA0002-80x60.jpg 80w, https:\/\/heleneholmsif.se\/friidrott\/wp-content\/uploads\/sites\/4\/2021\/06\/IMG-20210621-WA0002-1180x885.jpg 1180w, https:\/\/heleneholmsif.se\/friidrott\/wp-content\/uploads\/sites\/4\/2021\/06\/IMG-20210621-WA0002-1440x1080.jpg 1440w, https:\/\/heleneholmsif.se\/friidrott\/wp-content\/uploads\/sites\/4\/2021\/06\/IMG-20210621-WA0002-1140x855.jpg 1140w, https:\/\/heleneholmsif.se\/friidrott\/wp-content\/uploads\/sites\/4\/2021\/06\/IMG-20210621-WA0002-748x561.jpg 748w, https:\/\/heleneholmsif.se\/friidrott\/wp-content\/uploads\/sites\/4\/2021\/06\/IMG-20210621-WA0002-364x273.jpg 364w, https:\/\/heleneholmsif.se\/friidrott\/wp-content\/uploads\/sites\/4\/2021\/06\/IMG-20210621-WA0002.jpg 1600w\" sizes=\"auto, (max-width: 1024px) 100vw, 1024px\" \/><\/div><\/figure><figcaption>Glada grabbar som t\u00e4vlat under dagen. Foto: Martin Granqvist<\/figcaption><\/figure>\n\n\n\n<figure class=\"wp-block-image size-large is-style-default\"><figure id=\"attachment_3187\" class=\"alignnone\"><div class=\"\"><img loading=\"lazy\" decoding=\"async\" width=\"768\" height=\"1024\" src=\"http:\/\/heleneholmsif.se\/friidrott\/wp-content\/uploads\/sites\/4\/2021\/06\/IMG-20210621-WA0004-768x1024.jpg\" alt=\"\" class=\"wp-image-3187\" srcset=\"https:\/\/heleneholmsif.se\/friidrott\/wp-content\/uploads\/sites\/4\/2021\/06\/IMG-20210621-WA0004-768x1024.jpg 768w, https:\/\/heleneholmsif.se\/friidrott\/wp-content\/uploads\/sites\/4\/2021\/06\/IMG-20210621-WA0004-225x300.jpg 225w, https:\/\/heleneholmsif.se\/friidrott\/wp-content\/uploads\/sites\/4\/2021\/06\/IMG-20210621-WA0004-1152x1536.jpg 1152w, https:\/\/heleneholmsif.se\/friidrott\/wp-content\/uploads\/sites\/4\/2021\/06\/IMG-20210621-WA0004-45x60.jpg 45w, https:\/\/heleneholmsif.se\/friidrott\/wp-content\/uploads\/sites\/4\/2021\/06\/IMG-20210621-WA0004-1180x1573.jpg 1180w, https:\/\/heleneholmsif.se\/friidrott\/wp-content\/uploads\/sites\/4\/2021\/06\/IMG-20210621-WA0004-810x1080.jpg 810w, https:\/\/heleneholmsif.se\/friidrott\/wp-content\/uploads\/sites\/4\/2021\/06\/IMG-20210621-WA0004-1140x1520.jpg 1140w, https:\/\/heleneholmsif.se\/friidrott\/wp-content\/uploads\/sites\/4\/2021\/06\/IMG-20210621-WA0004-748x997.jpg 748w, https:\/\/heleneholmsif.se\/friidrott\/wp-content\/uploads\/sites\/4\/2021\/06\/IMG-20210621-WA0004-364x485.jpg 364w, https:\/\/heleneholmsif.se\/friidrott\/wp-content\/uploads\/sites\/4\/2021\/06\/IMG-20210621-WA0004.jpg 1200w\" sizes=\"auto, (max-width: 768px) 100vw, 768px\" \/><\/div><\/figure><figcaption>\u00c4nnu fler stolta barn. Foto: Martin Granqvist<\/figcaption><\/figure>\n\n\n\n<figure class=\"wp-block-image size-large is-resized is-style-default\"><figure id=\"attachment_3188\" class=\"alignnone\" style=\"width: 580px;\"><div class=\"\"><img loading=\"lazy\" decoding=\"async\" src=\"http:\/\/heleneholmsif.se\/friidrott\/wp-content\/uploads\/sites\/4\/2021\/06\/Vellinge.jpg\" alt=\"\" class=\"wp-image-3188\" width=\"580\" height=\"915\" srcset=\"https:\/\/heleneholmsif.se\/friidrott\/wp-content\/uploads\/sites\/4\/2021\/06\/Vellinge.jpg 612w, https:\/\/heleneholmsif.se\/friidrott\/wp-content\/uploads\/sites\/4\/2021\/06\/Vellinge-190x300.jpg 190w, https:\/\/heleneholmsif.se\/friidrott\/wp-content\/uploads\/sites\/4\/2021\/06\/Vellinge-38x60.jpg 38w, https:\/\/heleneholmsif.se\/friidrott\/wp-content\/uploads\/sites\/4\/2021\/06\/Vellinge-364x575.jpg 364w\" sizes=\"auto, (max-width: 580px) 100vw, 580px\" \/><\/div><\/figure><figcaption>Smilla springer 60m.<\/figcaption><\/figure>\n","protected":false},"excerpt":{"rendered":"<p>Friidrottst\u00e4vlandet forts\u00e4tter f\u00f6r v\u00e5ra aktiva. I helgen arrangerades tre t\u00e4vlingar i lokalomr\u00e5det. Jonas Forsberg arrangerade en kastt\u00e4vling p\u00e5 kastplanen (l\u00e4s mer h\u00e4r), i Malm\u00f6 sprang Adrian Mehic 800m (se nedan) och i Vellinge deltog flertalet barn och ungdomar vid Finish Games. Malm\u00f6 &#8211; HeleneholmAdrian sprang 800m f\u00f6r f\u00f6rsta g\u00e5ngen p\u00e5 2 \u00e5r och gjorde det [&hellip;] <a href=\"https:\/\/heleneholmsif.se\/friidrott\/tavlingsrapport-fran-vellinge-malmo\/\" class=\"readmore\">L\u00e4s mer<i class=\"icon-forward\"><\/i><\/a><\/p>\n","protected":false},"author":9,"featured_media":0,"comment_status":"closed","ping_status":"closed","sticky":false,"template":"","format":"standard","meta":{"_mi_skip_tracking":false,"footnotes":""},"categories":[8,121,27],"tags":[63,89,196,18,31,154],"class_list":["post-3184","post","type-post","status-publish","format-standard","hentry","category-friidrott","category-statistik","category-tavlingar","tag-800m","tag-barntavling","tag-finish","tag-friidrott","tag-malmo","tag-vellinge"],"_links":{"self":[{"href":"https:\/\/heleneholmsif.se\/friidrott\/wp-json\/wp\/v2\/posts\/3184","targetHints":{"allow":["GET"]}}],"collection":[{"href":"https:\/\/heleneholmsif.se\/friidrott\/wp-json\/wp\/v2\/posts"}],"about":[{"href":"https:\/\/heleneholmsif.se\/friidrott\/wp-json\/wp\/v2\/types\/post"}],"author":[{"embeddable":true,"href":"https:\/\/heleneholmsif.se\/friidrott\/wp-json\/wp\/v2\/users\/9"}],"replies":[{"embeddable":true,"href":"https:\/\/heleneholmsif.se\/friidrott\/wp-json\/wp\/v2\/comments?post=3184"}],"version-history":[{"count":1,"href":"https:\/\/heleneholmsif.se\/friidrott\/wp-json\/wp\/v2\/posts\/3184\/revisions"}],"predecessor-version":[{"id":3189,"href":"https:\/\/heleneholmsif.se\/friidrott\/wp-json\/wp\/v2\/posts\/3184\/revisions\/3189"}],"wp:attachment":[{"href":"https:\/\/heleneholmsif.se\/friidrott\/wp-json\/wp\/v2\/media?parent=3184"}],"wp:term":[{"taxonomy":"category","embeddable":true,"href":"https:\/\/heleneholmsif.se\/friidrott\/wp-json\/wp\/v2\/categories?post=3184"},{"taxonomy":"post_tag","embeddable":true,"href":"https:\/\/heleneholmsif.se\/friidrott\/wp-json\/wp\/v2\/tags?post=3184"}],"curies":[{"name":"wp","href":"https:\/\/api.w.org\/{rel}","templated":true}]}}