{"id":3276,"date":"2021-08-20T11:27:47","date_gmt":"2021-08-20T09:27:47","guid":{"rendered":"http:\/\/heleneholmsif.se\/friidrott\/?p=3276"},"modified":"2021-08-20T11:27:54","modified_gmt":"2021-08-20T09:27:54","slug":"tre-aktiva-aker-till-usm15-jsm-i-helgen","status":"publish","type":"post","link":"https:\/\/heleneholmsif.se\/friidrott\/tre-aktiva-aker-till-usm15-jsm-i-helgen\/","title":{"rendered":"Tre aktiva \u00e5ker till USM15\/JSM i helgen"},"content":{"rendered":"\n<p>I helgen avg\u00f6rs ungdoms-SM f\u00f6r 15-\u00e5ringar och JSM i Link\u00f6ping. Fr\u00e5n Heleneholm \u00e5ker tre aktiva upp varav tv\u00e5 g\u00f6r t\u00e4vlingsdebut i m\u00e4sterskapssammanhang. <br><br>T\u00e4vlingarna b\u00f6rjar redan i eftermiddag d\u00e4r v\u00e5ra unga aktiva Emilia Malml\u00f6f och Moltas Austrell g\u00f6r sina f\u00f6rsta starter p\u00e5 SM.<br><strong><br>Moltas &#8211; 800m<\/strong> (<strong>f\u00f6rs\u00f6k<\/strong> <strong>fredag ev. final l\u00f6rdag)<\/strong><br>Moltas Austrell \u00e4r en ung l\u00f6pare som b\u00f6rjade p\u00e5 friidrott f\u00f6rra \u00e5ret och som nu g\u00f6r sin debut p\u00e5 800m i f\u00f6rs\u00f6ken. Till SM har han<strong> endast<\/strong> tv\u00e5 &#8221;sololopp&#8221; i bagaget (2.08,03) som placerar honom p\u00e5 en imponerande 7:de plats i sverigestatistiken och 6:a av de som \u00e4r anm\u00e4lda till helgen. Det ska bli v\u00e4ldigt sp\u00e4nnande att se vad en oerfaren Moltas kan g\u00f6ra i helgen. Oavsett utg\u00e5ng s\u00e5 \u00e4r det viktig erfarenhet och rutin att b\u00e4ra med sig f\u00f6r framtiden. F\u00f6rs\u00f6ken \u00e4r uppdelad p\u00e5 tre heat d\u00e4r tv\u00e5 fr\u00e4msta + tre tider g\u00e5r vidare till finalen imorgon. Det kommer med andra ord bli ett tight race om finalplatserna!<br><br><strong>Emilia &#8211; Tresteg &amp; Kula (fredag &amp; S\u00f6ndag)<\/strong><br><br>Emilia Malml\u00f6f g\u00f6r den n\u00e5got ovanliga kombinationen tresteg och kula. T\u00e4vlingarna inleds i eftermiddag med tresteg d\u00e4r konkurrensen \u00e4r tuff. Vi hoppas Emilia f\u00e5r hoppningen att st\u00e4mma och att hon s\u00e4tter personb\u00e4sta.  Emilias t\u00e4vlingsprogram forts\u00e4tter p\u00e5 s\u00f6ndag d\u00e4r hon \u00e4r anm\u00e4ld i kula, en gren som g\u00e5tt v\u00e4ldigt bra f\u00f6r Emilia i \u00e5r. Hon har under s\u00e4songen tagit sm\u00e5 kliv och kommer in till t\u00e4vlingarna med ett personb\u00e4sta p\u00e5 10.91 vilket p\u00e5f\u00f6rhand \u00e4r 18:e plats i statistiken. F\u00f6rhoppningsvis kan hon g\u00f6ra en bra t\u00e4vling och kl\u00e4ttra ett antal placeringar.<\/p>\n\n\n\n<p><strong>Emilia Wamsler &#8211; Diskus (l\u00f6rdag)<\/strong><\/p>\n\n\n\n<p>En som inte g\u00f6r m\u00e4sterskapsdebut men dock g\u00e5r upp i en \u00e4ldre \u00e5ldersklass \u00e4r Emilia Wamsler. Emilia som f\u00f6rra \u00e5ret tog guld i F17 klassen kliver nu upp tv\u00e5 \u00e5r och f\u00e5r bl.a. m\u00f6ta kastare som \u00e4r ett \u00e5r \u00e4ldre \u00e4n henne. Vi har dock under s\u00e4songen sett att Emilia tagit ytterligare kliv i sin utveckling och kommer in till t\u00e4vlingarna med nya personb\u00e4stat och klubbrekordet 47.06. Ut\u00f6ver det har hon varit v\u00e4ldigt stabil p\u00e5 l\u00e4ngder runt 45m, vilket \u00e4r en nyckel i m\u00e4sterskapssammanhang. Emilia kliver under l\u00f6rdagen in i ringen som statistiketta och f\u00e5r hon allt att st\u00e4mma kan det b\u00e4ra l\u00e5ngt. Alla som f\u00f6ljt OS vet dock att mycket kan h\u00e4nda i diskus och det \u00e4r relativt j\u00e4mnt uppe i toppen.<\/p>\n\n\n\n<p>Vi \u00f6nskar Moltas och dubbla Emilia stort lycka till i helgen. Vi hoppas p\u00e5 personb\u00e4sta och att ni samtidigt passar p\u00e5 att njuta av stunden! K\u00f6r s\u00e5 det ryker!<\/p>\n","protected":false},"excerpt":{"rendered":"<p>I helgen avg\u00f6rs ungdoms-SM f\u00f6r 15-\u00e5ringar och JSM i Link\u00f6ping. Fr\u00e5n Heleneholm \u00e5ker tre aktiva upp varav tv\u00e5 g\u00f6r t\u00e4vlingsdebut i m\u00e4sterskapssammanhang. T\u00e4vlingarna b\u00f6rjar redan i eftermiddag d\u00e4r v\u00e5ra unga aktiva Emilia Malml\u00f6f och Moltas Austrell g\u00f6r sina f\u00f6rsta starter p\u00e5 SM.Moltas &#8211; 800m (f\u00f6rs\u00f6k fredag ev. final l\u00f6rdag)Moltas Austrell \u00e4r en ung l\u00f6pare som [&hellip;] <a href=\"https:\/\/heleneholmsif.se\/friidrott\/tre-aktiva-aker-till-usm15-jsm-i-helgen\/\" class=\"readmore\">L\u00e4s mer<i class=\"icon-forward\"><\/i><\/a><\/p>\n","protected":false},"author":9,"featured_media":0,"comment_status":"closed","ping_status":"closed","sticky":false,"template":"","format":"standard","meta":{"_mi_skip_tracking":false,"footnotes":""},"categories":[8,35,13],"tags":[63,44,18,150,76,67,68,22,78,138,125],"class_list":["post-3276","post","type-post","status-publish","format-standard","hentry","category-friidrott","category-sm","category-tavling","tag-800m","tag-diskus","tag-friidrott","tag-hopp","tag-jsm","tag-kast","tag-kula","tag-medeldistans","tag-sm","tag-tresteg","tag-usm"],"_links":{"self":[{"href":"https:\/\/heleneholmsif.se\/friidrott\/wp-json\/wp\/v2\/posts\/3276","targetHints":{"allow":["GET"]}}],"collection":[{"href":"https:\/\/heleneholmsif.se\/friidrott\/wp-json\/wp\/v2\/posts"}],"about":[{"href":"https:\/\/heleneholmsif.se\/friidrott\/wp-json\/wp\/v2\/types\/post"}],"author":[{"embeddable":true,"href":"https:\/\/heleneholmsif.se\/friidrott\/wp-json\/wp\/v2\/users\/9"}],"replies":[{"embeddable":true,"href":"https:\/\/heleneholmsif.se\/friidrott\/wp-json\/wp\/v2\/comments?post=3276"}],"version-history":[{"count":1,"href":"https:\/\/heleneholmsif.se\/friidrott\/wp-json\/wp\/v2\/posts\/3276\/revisions"}],"predecessor-version":[{"id":3277,"href":"https:\/\/heleneholmsif.se\/friidrott\/wp-json\/wp\/v2\/posts\/3276\/revisions\/3277"}],"wp:attachment":[{"href":"https:\/\/heleneholmsif.se\/friidrott\/wp-json\/wp\/v2\/media?parent=3276"}],"wp:term":[{"taxonomy":"category","embeddable":true,"href":"https:\/\/heleneholmsif.se\/friidrott\/wp-json\/wp\/v2\/categories?post=3276"},{"taxonomy":"post_tag","embeddable":true,"href":"https:\/\/heleneholmsif.se\/friidrott\/wp-json\/wp\/v2\/tags?post=3276"}],"curies":[{"name":"wp","href":"https:\/\/api.w.org\/{rel}","templated":true}]}}