{"id":3278,"date":"2021-08-20T12:39:58","date_gmt":"2021-08-20T10:39:58","guid":{"rendered":"http:\/\/heleneholmsif.se\/friidrott\/?p=3278"},"modified":"2021-08-20T12:40:00","modified_gmt":"2021-08-20T10:40:00","slug":"tre-aktiva-aker-till-vsm-pa-oland-i-helgen","status":"publish","type":"post","link":"https:\/\/heleneholmsif.se\/friidrott\/tre-aktiva-aker-till-vsm-pa-oland-i-helgen\/","title":{"rendered":"Tre aktiva \u00e5ker till VSM p\u00e5 \u00d6land i helgen"},"content":{"rendered":"\n<p>I helgen arrangeras ocks\u00e5 veteran-SM p\u00e5 \u00d6land. H\u00e4r  deltar tre aktiva fr\u00e5n klubben. Martin Persson, Mikael Persson &amp; Mats Blomberg.Martin kastar spjut &amp; st\u00f6ter kula i M45 klassen under l\u00f6rdagen. Mikael st\u00f6ter kula i M55 klassen under l\u00f6rdagen och Mats kastar diskus ikv\u00e4ll samt kastar spjut och st\u00f6ter kula imorgon i M65 klassen. Vi \u00f6nskar \u00e4ven er ett stort lycka till p\u00e5 detta m\u00e4sterskap!<\/p>\n","protected":false},"excerpt":{"rendered":"<p>I helgen arrangeras ocks\u00e5 veteran-SM p\u00e5 \u00d6land. H\u00e4r deltar tre aktiva fr\u00e5n klubben. Martin Persson, Mikael Persson &amp; Mats Blomberg.Martin kastar spjut &amp; st\u00f6ter kula i M45 klassen under l\u00f6rdagen. Mikael st\u00f6ter kula i M55 klassen under l\u00f6rdagen och Mats kastar diskus ikv\u00e4ll samt kastar spjut och st\u00f6ter kula imorgon i M65 klassen. Vi \u00f6nskar [&hellip;] <a href=\"https:\/\/heleneholmsif.se\/friidrott\/tre-aktiva-aker-till-vsm-pa-oland-i-helgen\/\" class=\"readmore\">L\u00e4s mer<i class=\"icon-forward\"><\/i><\/a><\/p>\n","protected":false},"author":9,"featured_media":0,"comment_status":"closed","ping_status":"closed","sticky":false,"template":"","format":"standard","meta":{"_mi_skip_tracking":false,"footnotes":""},"categories":[8,35],"tags":[44,67,68,70,69,199,200],"class_list":["post-3278","post","type-post","status-publish","format-standard","hentry","category-friidrott","category-sm","tag-diskus","tag-kast","tag-kula","tag-slagga","tag-spjut","tag-veteranfriidrott","tag-vsm"],"_links":{"self":[{"href":"https:\/\/heleneholmsif.se\/friidrott\/wp-json\/wp\/v2\/posts\/3278","targetHints":{"allow":["GET"]}}],"collection":[{"href":"https:\/\/heleneholmsif.se\/friidrott\/wp-json\/wp\/v2\/posts"}],"about":[{"href":"https:\/\/heleneholmsif.se\/friidrott\/wp-json\/wp\/v2\/types\/post"}],"author":[{"embeddable":true,"href":"https:\/\/heleneholmsif.se\/friidrott\/wp-json\/wp\/v2\/users\/9"}],"replies":[{"embeddable":true,"href":"https:\/\/heleneholmsif.se\/friidrott\/wp-json\/wp\/v2\/comments?post=3278"}],"version-history":[{"count":1,"href":"https:\/\/heleneholmsif.se\/friidrott\/wp-json\/wp\/v2\/posts\/3278\/revisions"}],"predecessor-version":[{"id":3279,"href":"https:\/\/heleneholmsif.se\/friidrott\/wp-json\/wp\/v2\/posts\/3278\/revisions\/3279"}],"wp:attachment":[{"href":"https:\/\/heleneholmsif.se\/friidrott\/wp-json\/wp\/v2\/media?parent=3278"}],"wp:term":[{"taxonomy":"category","embeddable":true,"href":"https:\/\/heleneholmsif.se\/friidrott\/wp-json\/wp\/v2\/categories?post=3278"},{"taxonomy":"post_tag","embeddable":true,"href":"https:\/\/heleneholmsif.se\/friidrott\/wp-json\/wp\/v2\/tags?post=3278"}],"curies":[{"name":"wp","href":"https:\/\/api.w.org\/{rel}","templated":true}]}}