{"id":3280,"date":"2021-08-20T17:49:30","date_gmt":"2021-08-20T15:49:30","guid":{"rendered":"http:\/\/heleneholmsif.se\/friidrott\/?p=3280"},"modified":"2021-08-20T17:54:54","modified_gmt":"2021-08-20T15:54:54","slug":"ny-friidrottsgrupp-for-fodda-2013-2015-start-pa-tisdagar-stadion","status":"publish","type":"post","link":"https:\/\/heleneholmsif.se\/friidrott\/ny-friidrottsgrupp-for-fodda-2013-2015-start-pa-tisdagar-stadion\/","title":{"rendered":"Ny friidrottsgrupp f\u00f6r f\u00f6dda 2013-2015 start p\u00e5 tisdagar (stadion)"},"content":{"rendered":"\n<p>Vi har haft ett stort tryck p\u00e5 m\u00e5nga av v\u00e5ra friidrottsgrupper i h\u00f6st vilket inneb\u00e4r att vi i nul\u00e4get inte har s\u00e4rskilt m\u00e5nga platser kvar i v\u00e5ra yngre s.k. &#8221;friidrottsskolor&#8221;. Under h\u00f6sten startar vi dock upp en helt ny friidrottsgrupp p\u00e5 stadionomr\u00e5det under tisdagar d\u00e4r du nu har chansen att anm\u00e4la ditt barn. M\u00e5lgruppen \u00e4r barn f\u00f6dda 2013-2015. <\/p>\n\n\n\n<p><strong>Plats:<\/strong> Malm\u00f6 stadion (l\u00f6parg\u00e5ngen i Malm\u00f6 stadion under vintern)<br><strong>Tid:<\/strong> 17:00-18:00<br><strong>Tr\u00e4nare: <\/strong>Emilia &amp; Moltas<br><strong>Terminsstart:<\/strong> tisdagen 31\/8<br><a href=\"https:\/\/sportadmin.se\/form\/form.asp?ID={116C7ACF-F6BA-452A-A429-BE9635F3CBBE}\"><\/a><\/p>\n\n\n\n<h3 class=\"wp-block-heading\"><a href=\"https:\/\/sportadmin.se\/form\/form.asp?ID={116C7ACF-F6BA-452A-A429-BE9635F3CBBE}\">Anm\u00e4lan till gruppen g\u00f6rs h\u00e4r!<\/a><\/h3>\n\n\n\n<p><i> Vi tar max in 15 platser till denna grupp, s\u00e5 f\u00f6rst till kvarn g\u00e4ller!<\/i><\/p>\n\n\n\n<figure class=\"wp-block-image size-large is-style-rounded\"><figure id=\"attachment_3283\" class=\"alignnone\"><div class=\"\"><img loading=\"lazy\" decoding=\"async\" width=\"749\" height=\"749\" src=\"http:\/\/heleneholmsif.se\/friidrott\/wp-content\/uploads\/sites\/4\/2021\/08\/Friidrottsbarn.jpg\" alt=\"\" class=\"wp-image-3283\" srcset=\"https:\/\/heleneholmsif.se\/friidrott\/wp-content\/uploads\/sites\/4\/2021\/08\/Friidrottsbarn.jpg 749w, https:\/\/heleneholmsif.se\/friidrott\/wp-content\/uploads\/sites\/4\/2021\/08\/Friidrottsbarn-300x300.jpg 300w, https:\/\/heleneholmsif.se\/friidrott\/wp-content\/uploads\/sites\/4\/2021\/08\/Friidrottsbarn-150x150.jpg 150w, https:\/\/heleneholmsif.se\/friidrott\/wp-content\/uploads\/sites\/4\/2021\/08\/Friidrottsbarn-144x144.jpg 144w, https:\/\/heleneholmsif.se\/friidrott\/wp-content\/uploads\/sites\/4\/2021\/08\/Friidrottsbarn-260x260.jpg 260w, https:\/\/heleneholmsif.se\/friidrott\/wp-content\/uploads\/sites\/4\/2021\/08\/Friidrottsbarn-48x48.jpg 48w, https:\/\/heleneholmsif.se\/friidrott\/wp-content\/uploads\/sites\/4\/2021\/08\/Friidrottsbarn-60x60.jpg 60w, https:\/\/heleneholmsif.se\/friidrott\/wp-content\/uploads\/sites\/4\/2021\/08\/Friidrottsbarn-364x364.jpg 364w, https:\/\/heleneholmsif.se\/friidrott\/wp-content\/uploads\/sites\/4\/2021\/08\/Friidrottsbarn-520x520.jpg 520w, https:\/\/heleneholmsif.se\/friidrott\/wp-content\/uploads\/sites\/4\/2021\/08\/Friidrottsbarn-96x96.jpg 96w\" sizes=\"auto, (max-width: 749px) 100vw, 749px\" \/><\/div><\/figure><\/figure>\n","protected":false},"excerpt":{"rendered":"<p>Vi har haft ett stort tryck p\u00e5 m\u00e5nga av v\u00e5ra friidrottsgrupper i h\u00f6st vilket inneb\u00e4r att vi i nul\u00e4get inte har s\u00e4rskilt m\u00e5nga platser kvar i v\u00e5ra yngre s.k. &#8221;friidrottsskolor&#8221;. Under h\u00f6sten startar vi dock upp en helt ny friidrottsgrupp p\u00e5 stadionomr\u00e5det under tisdagar d\u00e4r du nu har chansen att anm\u00e4la ditt barn. M\u00e5lgruppen \u00e4r [&hellip;] <a href=\"https:\/\/heleneholmsif.se\/friidrott\/ny-friidrottsgrupp-for-fodda-2013-2015-start-pa-tisdagar-stadion\/\" class=\"readmore\">L\u00e4s mer<i class=\"icon-forward\"><\/i><\/a><\/p>\n","protected":false},"author":9,"featured_media":0,"comment_status":"closed","ping_status":"closed","sticky":false,"template":"","format":"standard","meta":{"_mi_skip_tracking":false,"footnotes":""},"categories":[8,21],"tags":[202,201],"class_list":["post-3280","post","type-post","status-publish","format-standard","hentry","category-friidrott","category-friidrottskola","tag-barngrupp","tag-friidrottsskola"],"_links":{"self":[{"href":"https:\/\/heleneholmsif.se\/friidrott\/wp-json\/wp\/v2\/posts\/3280","targetHints":{"allow":["GET"]}}],"collection":[{"href":"https:\/\/heleneholmsif.se\/friidrott\/wp-json\/wp\/v2\/posts"}],"about":[{"href":"https:\/\/heleneholmsif.se\/friidrott\/wp-json\/wp\/v2\/types\/post"}],"author":[{"embeddable":true,"href":"https:\/\/heleneholmsif.se\/friidrott\/wp-json\/wp\/v2\/users\/9"}],"replies":[{"embeddable":true,"href":"https:\/\/heleneholmsif.se\/friidrott\/wp-json\/wp\/v2\/comments?post=3280"}],"version-history":[{"count":2,"href":"https:\/\/heleneholmsif.se\/friidrott\/wp-json\/wp\/v2\/posts\/3280\/revisions"}],"predecessor-version":[{"id":3284,"href":"https:\/\/heleneholmsif.se\/friidrott\/wp-json\/wp\/v2\/posts\/3280\/revisions\/3284"}],"wp:attachment":[{"href":"https:\/\/heleneholmsif.se\/friidrott\/wp-json\/wp\/v2\/media?parent=3280"}],"wp:term":[{"taxonomy":"category","embeddable":true,"href":"https:\/\/heleneholmsif.se\/friidrott\/wp-json\/wp\/v2\/categories?post=3280"},{"taxonomy":"post_tag","embeddable":true,"href":"https:\/\/heleneholmsif.se\/friidrott\/wp-json\/wp\/v2\/tags?post=3280"}],"curies":[{"name":"wp","href":"https:\/\/api.w.org\/{rel}","templated":true}]}}