{"id":3301,"date":"2021-08-27T14:21:56","date_gmt":"2021-08-27T12:21:56","guid":{"rendered":"http:\/\/heleneholmsif.se\/friidrott\/?p=3301"},"modified":"2021-08-27T14:40:05","modified_gmt":"2021-08-27T12:40:05","slug":"tva-aktiva-aker-till-sm-i-helgen","status":"publish","type":"post","link":"https:\/\/heleneholmsif.se\/friidrott\/tva-aktiva-aker-till-sm-i-helgen\/","title":{"rendered":"Tv\u00e5 aktiva \u00e5ker till SM i helgen"},"content":{"rendered":"\n<p>Efter flera helger med svenska m\u00e4sterskap i friidrott har vi nu kommit fram till den sista p\u00e5 arena n\u00e4r seniorernas svenska m\u00e4sterskap avg\u00f6rs p\u00e5 Ryavallen i Bor\u00e5s under helgen. Fr\u00e5n Heleneholms IF \u00e5ker tv\u00e5 aktiva upp Adrian Mehic i 800m som g\u00f6r sitt andra m\u00e4sterskap och Emilia Wamsler i diskus som g\u00f6r sitt f\u00f6rsta m\u00e4sterskap.<br><br>Adrian kommer in i helgen med en bra form fr\u00e5n tr\u00e4ning senaste veckan och har ett s\u00e4songsb\u00e4sta p\u00e5 1:56,32, vilket \u00e4r p\u00e5 l\u00e4gre halvan av startf\u00e4ltet p\u00e5 f\u00f6rhand. Adrian har p\u00e5 s\u00e5 s\u00e4tt allt att vinna i f\u00f6rs\u00f6ken som startar imorgon l\u00f6rdag kl. 17.20. Om allt st\u00e4mmer l\u00e4r han kunna plocka med sig ett nytt personb\u00e4sta hem.<br><br>Emilia kommer in i helgen med ett JSM-silver fr\u00e5n f\u00f6rra helgen och med ett nytt personb\u00e4sta under s\u00e4songen p\u00e5 47.06. Emilia \u00e4r p\u00e5 f\u00f6rhand rankad i mitten av startf\u00e4ltet. Emilia \u00e4r ung och d\u00e5 detta \u00e4r hennes f\u00f6rsta stora m\u00e4sterskapet i senior sammanhang finns mycket erfarenhet och l\u00e4rdomar att h\u00e4mta fr\u00e5n detta m\u00e4sterskap inf\u00f6r framtiden. F\u00f6rhoppningsvis kan Emilia f\u00e5 till en fulltr\u00e4ff och ta sig till s\u00f6ndagens final, \u00e4ven om detta l\u00e4r bli v\u00e4ldigt tufft! F\u00f6rs\u00f6ksomg\u00e5ngen avg\u00f6rs imorgon l\u00f6rdag kl. 11.10.<br>SVT\/SVT-play s\u00e4nder friidrotts-SM under hela helgen. Ett stort lycka till \u00f6nskar vi v\u00e5ra aktiva!<\/p>\n\n\n\n<p>SVT s\u00e4nder friidrotts-SM under hela helgen. Du kan f\u00f6lja t\u00e4vlingarna <a href=\"https:\/\/www.friidrott.se\/Nyheter\/allmannanyheter\/2021\/Augusti\/idagdrarfriidrotts-smiganghararalltdubehovervetainforfredagen\">h\u00e4r<\/a>!<\/p>\n","protected":false},"excerpt":{"rendered":"<p>Efter flera helger med svenska m\u00e4sterskap i friidrott har vi nu kommit fram till den sista p\u00e5 arena n\u00e4r seniorernas svenska m\u00e4sterskap avg\u00f6rs p\u00e5 Ryavallen i Bor\u00e5s under helgen. Fr\u00e5n Heleneholms IF \u00e5ker tv\u00e5 aktiva upp Adrian Mehic i 800m som g\u00f6r sitt andra m\u00e4sterskap och Emilia Wamsler i diskus som g\u00f6r sitt f\u00f6rsta m\u00e4sterskap. [&hellip;] <a href=\"https:\/\/heleneholmsif.se\/friidrott\/tva-aktiva-aker-till-sm-i-helgen\/\" class=\"readmore\">L\u00e4s mer<i class=\"icon-forward\"><\/i><\/a><\/p>\n","protected":false},"author":9,"featured_media":0,"comment_status":"closed","ping_status":"closed","sticky":false,"template":"","format":"standard","meta":{"_mi_skip_tracking":false,"footnotes":""},"categories":[8,35,13],"tags":[63,44,78],"class_list":["post-3301","post","type-post","status-publish","format-standard","hentry","category-friidrott","category-sm","category-tavling","tag-800m","tag-diskus","tag-sm"],"_links":{"self":[{"href":"https:\/\/heleneholmsif.se\/friidrott\/wp-json\/wp\/v2\/posts\/3301","targetHints":{"allow":["GET"]}}],"collection":[{"href":"https:\/\/heleneholmsif.se\/friidrott\/wp-json\/wp\/v2\/posts"}],"about":[{"href":"https:\/\/heleneholmsif.se\/friidrott\/wp-json\/wp\/v2\/types\/post"}],"author":[{"embeddable":true,"href":"https:\/\/heleneholmsif.se\/friidrott\/wp-json\/wp\/v2\/users\/9"}],"replies":[{"embeddable":true,"href":"https:\/\/heleneholmsif.se\/friidrott\/wp-json\/wp\/v2\/comments?post=3301"}],"version-history":[{"count":2,"href":"https:\/\/heleneholmsif.se\/friidrott\/wp-json\/wp\/v2\/posts\/3301\/revisions"}],"predecessor-version":[{"id":3303,"href":"https:\/\/heleneholmsif.se\/friidrott\/wp-json\/wp\/v2\/posts\/3301\/revisions\/3303"}],"wp:attachment":[{"href":"https:\/\/heleneholmsif.se\/friidrott\/wp-json\/wp\/v2\/media?parent=3301"}],"wp:term":[{"taxonomy":"category","embeddable":true,"href":"https:\/\/heleneholmsif.se\/friidrott\/wp-json\/wp\/v2\/categories?post=3301"},{"taxonomy":"post_tag","embeddable":true,"href":"https:\/\/heleneholmsif.se\/friidrott\/wp-json\/wp\/v2\/tags?post=3301"}],"curies":[{"name":"wp","href":"https:\/\/api.w.org\/{rel}","templated":true}]}}