{"id":3304,"date":"2021-08-31T00:17:20","date_gmt":"2021-08-30T22:17:20","guid":{"rendered":"http:\/\/heleneholmsif.se\/friidrott\/?p=3304"},"modified":"2021-08-31T00:17:22","modified_gmt":"2021-08-30T22:17:22","slug":"rapport-fran-sm","status":"publish","type":"post","link":"https:\/\/heleneholmsif.se\/friidrott\/rapport-fran-sm\/","title":{"rendered":"Rapport fr\u00e5n SM"},"content":{"rendered":"\n<p id=\"block-ab91faa6-8dcb-41ff-bffe-0d1f5be8f13c\">I helgen gick SM i friidrott p\u00e5 Ryavallen i Bor\u00e5s under relativt d\u00e5liga f\u00f6rh\u00e5llande med runt 13c och regn under l\u00f6rdagen d\u00e5 tv\u00e5 av v\u00e5ra aktiva som \u00e5kt upp t\u00e4vlade, Adrian Mehic p\u00e5 800m och Emilia Wamsler i diskus.<\/p>\n\n\n\n<p id=\"block-67933ff8-fc21-4457-9b3c-eaab394b28b4\"><em>Emilia Wamsler i diskus f\u00f6rs\u00f6k<\/em><\/p>\n\n\n\n<p id=\"block-bab305ad-8994-4450-8dcc-e80a976483fd\">L\u00f6rdagen inledes med att Emilia Wamsler gjorde debut i senior SM vid f\u00f6rs\u00f6ken d\u00e4r tolv fr\u00e4msta skulle ta sig vidare till s\u00f6ndagens final. Tyv\u00e4rr fick Emilia inte kastningen att st\u00e4mma helt denna dag och stannade p\u00e5 41.36 (pb = 47.06), vilket var ca metern f\u00f6r kort f\u00f6r att hamna bland dem tolv b\u00e4sta denna g\u00e5ng. Emilia \u00e4r ung och har framtiden framf\u00f6r sig, att k\u00e4nna p\u00e5 hetluften och t\u00e4vla mot dem allra b\u00e4sta diskuskastarna i Sverige i helgen har med stor sannolikhet bidragit till m\u00e5nga erfarenheter rikare att ta med sig. \u00c4ven om resultat inte blev s\u00e5 l\u00e5ngt som hon hoppats p\u00e5, finns det d\u00e4rmed annat att ta med sig som hon f\u00f6rmodligen kommer ha nytta av i framtida m\u00e4sterskap och stora t\u00e4vlingar.<\/p>\n\n\n\n<p id=\"block-703fc621-3c83-4057-8787-dcdf2133669f\"><em>Adrian Mehic p\u00e5 800m f\u00f6rs\u00f6k<\/em><\/p>\n\n\n\n<p id=\"block-bfef036a-7777-48dc-8736-4b03bd008875\">Under sen eftermiddagen sprang Adrian Mehic f\u00f6rs\u00f6k p\u00e5 800m. \u00c4ven h\u00e4r var f\u00f6ruts\u00e4ttningarna tuffa. Tre f\u00f6rs\u00f6k varav tv\u00e5 vidare direkt p\u00e5 placering + tre b\u00e4sta tiderna. Adrian hamnade i ett tufft heat inneh\u00e5llandes bl.a. svenska rekordinnehavaren Andreas Kramer, som styrde f\u00e4ltet fr\u00e5n front. Adrian h\u00e4ngde p\u00e5 hyfsat och avslutade starkt genom att sl\u00e5 tv\u00e5 andra i spurten vilket innebar en 6:e plats i heatet. Tiden stannade p\u00e5 1.55,62 vilket innebar nytt personligt rekord med n\u00e5gra tiondelar trots usla v\u00e4derf\u00f6rh\u00e5llanden. Tidigare PB var fr\u00e5n -17 s\u00e5 det var kul att se Adrians l\u00f6pning. Nu \u00e4r det bara att forts\u00e4tta p\u00e5 detta sp\u00e5r under n\u00e4sta s\u00e4song.<\/p>\n","protected":false},"excerpt":{"rendered":"<p>I helgen gick SM i friidrott p\u00e5 Ryavallen i Bor\u00e5s under relativt d\u00e5liga f\u00f6rh\u00e5llande med runt 13c och regn under l\u00f6rdagen d\u00e5 tv\u00e5 av v\u00e5ra aktiva som \u00e5kt upp t\u00e4vlade, Adrian Mehic p\u00e5 800m och Emilia Wamsler i diskus. Emilia Wamsler i diskus f\u00f6rs\u00f6k L\u00f6rdagen inledes med att Emilia Wamsler gjorde debut i senior SM [&hellip;] <a href=\"https:\/\/heleneholmsif.se\/friidrott\/rapport-fran-sm\/\" class=\"readmore\">L\u00e4s mer<i class=\"icon-forward\"><\/i><\/a><\/p>\n","protected":false},"author":9,"featured_media":0,"comment_status":"closed","ping_status":"closed","sticky":false,"template":"","format":"standard","meta":{"_mi_skip_tracking":false,"footnotes":""},"categories":[8],"tags":[18,204,78],"class_list":["post-3304","post","type-post","status-publish","format-standard","hentry","category-friidrott","tag-friidrott","tag-friidrotts-sm","tag-sm"],"_links":{"self":[{"href":"https:\/\/heleneholmsif.se\/friidrott\/wp-json\/wp\/v2\/posts\/3304","targetHints":{"allow":["GET"]}}],"collection":[{"href":"https:\/\/heleneholmsif.se\/friidrott\/wp-json\/wp\/v2\/posts"}],"about":[{"href":"https:\/\/heleneholmsif.se\/friidrott\/wp-json\/wp\/v2\/types\/post"}],"author":[{"embeddable":true,"href":"https:\/\/heleneholmsif.se\/friidrott\/wp-json\/wp\/v2\/users\/9"}],"replies":[{"embeddable":true,"href":"https:\/\/heleneholmsif.se\/friidrott\/wp-json\/wp\/v2\/comments?post=3304"}],"version-history":[{"count":1,"href":"https:\/\/heleneholmsif.se\/friidrott\/wp-json\/wp\/v2\/posts\/3304\/revisions"}],"predecessor-version":[{"id":3305,"href":"https:\/\/heleneholmsif.se\/friidrott\/wp-json\/wp\/v2\/posts\/3304\/revisions\/3305"}],"wp:attachment":[{"href":"https:\/\/heleneholmsif.se\/friidrott\/wp-json\/wp\/v2\/media?parent=3304"}],"wp:term":[{"taxonomy":"category","embeddable":true,"href":"https:\/\/heleneholmsif.se\/friidrott\/wp-json\/wp\/v2\/categories?post=3304"},{"taxonomy":"post_tag","embeddable":true,"href":"https:\/\/heleneholmsif.se\/friidrott\/wp-json\/wp\/v2\/tags?post=3304"}],"curies":[{"name":"wp","href":"https:\/\/api.w.org\/{rel}","templated":true}]}}