{"id":3654,"date":"2019-06-19T21:30:00","date_gmt":"2019-06-19T19:30:00","guid":{"rendered":"https:\/\/heleneholmsif.se\/friidrott\/racerunning-vm-i-barcelona\/"},"modified":"2022-06-28T20:52:24","modified_gmt":"2022-06-28T18:52:24","slug":"racerunning-vm-i-barcelona","status":"publish","type":"post","link":"https:\/\/heleneholmsif.se\/friidrott\/racerunning-vm-i-barcelona\/","title":{"rendered":"Racerunning VM i Barcelona"},"content":{"rendered":"<p>Under denna vecka \u00e4r det m\u00e4sterskapens vecka i Europa d\u00e4r bla EM i friidrott p\u00e5g\u00e5r f\u00f6r fullt i Berlin. I Barcelona p\u00e5g\u00e5r VM f\u00f6r para-sporten &#8221;Racerunning&#8221;. Heleneholms IF som sedan n\u00e5got \u00e5r tillbaka bedriver racerunning i verksamheten har en deltagare med, Marie Lander. Hon ska under veckan t\u00e4vla i 200m, 400m, 800m och 1500m. Vi \u00f6nskar henne ett stort lycka till!<\/p>\n<p>Vill du l\u00e4sa mer om sporten racerunning som fr\u00e4mst riktar sig till r\u00f6relsef\u00f6rhindrade eller till de som har sv\u00e5rt att springa\/g\u00e5 normalt utan redskap kan man l\u00e4sa mer <a href=\"http:\/\/heleneholmsif.se\/friidrott\/racerunning\/\">h\u00e4r<\/a>.<\/p>\n<figure id=\"attachment_1720\" class=\"alignnone\" style=\"width: 714px;\"><a data-fancybox-title=\"\" class=\"zoom-hover fb\" href=\"http:\/\/heleneholmsif.se\/racerunning-vm-i-barcelona\/racerunning\/\" rel=\"attachment wp-att-1720\"><img loading=\"lazy\" decoding=\"async\" class=\" size-full wp-image-1720\" src=\"https:\/\/heleneholmsif.se\/friidrott\/wp-content\/uploads\/sites\/4\/2022\/06\/racerunning.jpg\" alt=\"\" width=\"714\" height=\"960\"><\/a><\/figure>\n","protected":false},"excerpt":{"rendered":"<p>Under denna vecka \u00e4r det m\u00e4sterskapens vecka i Europa d\u00e4r bla EM i friidrott p\u00e5g\u00e5r f\u00f6r fullt i Berlin. I Barcelona p\u00e5g\u00e5r VM f\u00f6r para-sporten &#8221;Racerunning&#8221;. Heleneholms IF som sedan n\u00e5got \u00e5r tillbaka bedriver racerunning i verksamheten har en deltagare med, Marie Lander. Hon ska under veckan t\u00e4vla i 200m, 400m, 800m och 1500m. Vi [&hellip;] <a href=\"https:\/\/heleneholmsif.se\/friidrott\/racerunning-vm-i-barcelona\/\" class=\"readmore\">L\u00e4s mer<i class=\"icon-forward\"><\/i><\/a><\/p>\n","protected":false},"author":4,"featured_media":0,"comment_status":"closed","ping_status":"closed","sticky":false,"template":"","format":"aside","meta":{"_mi_skip_tracking":false,"footnotes":""},"categories":[8],"tags":[],"class_list":["post-3654","post","type-post","status-publish","format-aside","hentry","category-friidrott","post_format-post-format-aside"],"_links":{"self":[{"href":"https:\/\/heleneholmsif.se\/friidrott\/wp-json\/wp\/v2\/posts\/3654","targetHints":{"allow":["GET"]}}],"collection":[{"href":"https:\/\/heleneholmsif.se\/friidrott\/wp-json\/wp\/v2\/posts"}],"about":[{"href":"https:\/\/heleneholmsif.se\/friidrott\/wp-json\/wp\/v2\/types\/post"}],"author":[{"embeddable":true,"href":"https:\/\/heleneholmsif.se\/friidrott\/wp-json\/wp\/v2\/users\/4"}],"replies":[{"embeddable":true,"href":"https:\/\/heleneholmsif.se\/friidrott\/wp-json\/wp\/v2\/comments?post=3654"}],"version-history":[{"count":2,"href":"https:\/\/heleneholmsif.se\/friidrott\/wp-json\/wp\/v2\/posts\/3654\/revisions"}],"predecessor-version":[{"id":3675,"href":"https:\/\/heleneholmsif.se\/friidrott\/wp-json\/wp\/v2\/posts\/3654\/revisions\/3675"}],"wp:attachment":[{"href":"https:\/\/heleneholmsif.se\/friidrott\/wp-json\/wp\/v2\/media?parent=3654"}],"wp:term":[{"taxonomy":"category","embeddable":true,"href":"https:\/\/heleneholmsif.se\/friidrott\/wp-json\/wp\/v2\/categories?post=3654"},{"taxonomy":"post_tag","embeddable":true,"href":"https:\/\/heleneholmsif.se\/friidrott\/wp-json\/wp\/v2\/tags?post=3654"}],"curies":[{"name":"wp","href":"https:\/\/api.w.org\/{rel}","templated":true}]}}