{"id":3657,"date":"2019-06-19T21:30:00","date_gmt":"2019-06-19T19:30:00","guid":{"rendered":"https:\/\/heleneholmsif.se\/friidrott\/nytt-personbasta-av-mattias-ohlsson-pa-1500m\/"},"modified":"2022-06-28T20:49:20","modified_gmt":"2022-06-28T18:49:20","slug":"nytt-personbasta-av-mattias-ohlsson-pa-1500m","status":"publish","type":"post","link":"https:\/\/heleneholmsif.se\/friidrott\/nytt-personbasta-av-mattias-ohlsson-pa-1500m\/","title":{"rendered":"Nytt personb\u00e4sta av Mattias Ohlsson p\u00e5 1500m"},"content":{"rendered":"<p>Ig\u00e5r slog Mattias Ohlsson till med ett nytt personb\u00e4sta p\u00e5 1500m n\u00e4r han blev 3:a vid en banserie i \u00c5rhus, Danmark. Efter att ha jobbat f\u00f6r att hitta formen tidigare i sommar \u00e4r det nu gl\u00e4djande att l\u00f6pningen flyter p\u00e5 b\u00e4ttre inf\u00f6r kommande avslutning p\u00e5 s\u00e4songen d\u00e4r bl.a SM i Eskilstuna i slutet av augusti v\u00e4ntar.<\/p>\n<figure id=\"attachment_1731\" class=\"alignnone\" style=\"width: 800px;\"><a data-fancybox-title=\"\" class=\"zoom-hover fb\" href=\"http:\/\/heleneholmsif.se\/nytt-personbasta-av-mattias-ohlsson-pa-1500m\/mattias-ohlsson\/\" rel=\"attachment wp-att-1731\"><img loading=\"lazy\" decoding=\"async\" class=\" wp-image-1731\" src=\"https:\/\/heleneholmsif.se\/friidrott\/wp-content\/uploads\/sites\/4\/2022\/06\/Mattias-Ohlsson-1024x768-1.jpg\" alt=\"\" width=\"800\" height=\"600\" \/><\/a><\/figure>\n","protected":false},"excerpt":{"rendered":"<p>Ig\u00e5r slog Mattias Ohlsson till med ett nytt personb\u00e4sta p\u00e5 1500m n\u00e4r han blev 3:a vid en banserie i \u00c5rhus, Danmark. Efter att ha jobbat f\u00f6r att hitta formen tidigare i sommar \u00e4r det nu gl\u00e4djande att l\u00f6pningen flyter p\u00e5 b\u00e4ttre inf\u00f6r kommande avslutning p\u00e5 s\u00e4songen d\u00e4r bl.a SM i Eskilstuna i slutet av augusti [&hellip;] <a href=\"https:\/\/heleneholmsif.se\/friidrott\/nytt-personbasta-av-mattias-ohlsson-pa-1500m\/\" class=\"readmore\">L\u00e4s mer<i class=\"icon-forward\"><\/i><\/a><\/p>\n","protected":false},"author":4,"featured_media":0,"comment_status":"closed","ping_status":"closed","sticky":false,"template":"","format":"aside","meta":{"_mi_skip_tracking":false,"footnotes":""},"categories":[8],"tags":[18,43,31,22],"class_list":["post-3657","post","type-post","status-publish","format-aside","hentry","category-friidrott","tag-friidrott","tag-heleneholmsif","tag-malmo","tag-medeldistans","post_format-post-format-aside"],"_links":{"self":[{"href":"https:\/\/heleneholmsif.se\/friidrott\/wp-json\/wp\/v2\/posts\/3657","targetHints":{"allow":["GET"]}}],"collection":[{"href":"https:\/\/heleneholmsif.se\/friidrott\/wp-json\/wp\/v2\/posts"}],"about":[{"href":"https:\/\/heleneholmsif.se\/friidrott\/wp-json\/wp\/v2\/types\/post"}],"author":[{"embeddable":true,"href":"https:\/\/heleneholmsif.se\/friidrott\/wp-json\/wp\/v2\/users\/4"}],"replies":[{"embeddable":true,"href":"https:\/\/heleneholmsif.se\/friidrott\/wp-json\/wp\/v2\/comments?post=3657"}],"version-history":[{"count":1,"href":"https:\/\/heleneholmsif.se\/friidrott\/wp-json\/wp\/v2\/posts\/3657\/revisions"}],"predecessor-version":[{"id":3659,"href":"https:\/\/heleneholmsif.se\/friidrott\/wp-json\/wp\/v2\/posts\/3657\/revisions\/3659"}],"wp:attachment":[{"href":"https:\/\/heleneholmsif.se\/friidrott\/wp-json\/wp\/v2\/media?parent=3657"}],"wp:term":[{"taxonomy":"category","embeddable":true,"href":"https:\/\/heleneholmsif.se\/friidrott\/wp-json\/wp\/v2\/categories?post=3657"},{"taxonomy":"post_tag","embeddable":true,"href":"https:\/\/heleneholmsif.se\/friidrott\/wp-json\/wp\/v2\/tags?post=3657"}],"curies":[{"name":"wp","href":"https:\/\/api.w.org\/{rel}","templated":true}]}}