{"id":4051,"date":"2023-09-22T18:54:34","date_gmt":"2023-09-22T16:54:34","guid":{"rendered":"https:\/\/heleneholmsif.se\/friidrott\/?p=4051"},"modified":"2023-09-24T18:03:58","modified_gmt":"2023-09-24T16:03:58","slug":"tillba-till-rotterna-mot-framtiden-framtidstro","status":"publish","type":"post","link":"https:\/\/heleneholmsif.se\/friidrott\/tillba-till-rotterna-mot-framtiden-framtidstro\/","title":{"rendered":"Tillbaka till r\u00f6tterna mot framtiden &#8211; Framtidstro"},"content":{"rendered":"\n<p>Dagens inslag tar oss inte riktigt lika l\u00e5ngt tillbaka i tiden som f\u00f6reg\u00e5ende tv\u00e5 veckor men har p\u00e5 ett s\u00e4tt \u00e4nd\u00e5 varit helt avg\u00f6rande f\u00f6r att f\u00f6reningens verksamhet ska kunna bedrivas p\u00e5 det s\u00e4tt som den g\u00f6r idag med kanslipersonal och egen klubbstuga. Senaste tv\u00e5 inslagen hittas h\u00e4r:<br><br>T<a href=\"https:\/\/heleneholmsif.se\/tillbaka-till-rotterna-mot-framtiden\/\">illbaka till r\u00f6tterna mot framtiden &#8211; Klubbkl\u00e4der<\/a><br><a href=\"https:\/\/heleneholmsif.se\/tillbaka-till-rotterna-mot-framtiden-idrottsplats\/\">Tillbaka till r\u00f6tterna mot framtiden &#8211; Idrottsanl\u00e4ggning<\/a><br><br>Det s\u00e4gs att det \u00e4r i motvind som draken lyfter och f\u00e5r ny kraft, det var precis vad som h\u00e4nde i f\u00f6reningen runt 2016-2017 n\u00e4r friidrottssektionen nyligen l\u00e4mnat t\u00e4vlingssamarbetet i \u00d6resund FK d\u00e4r IK Finish och IK Pallas ocks\u00e5 ingick. Vi var en f\u00f6rening som delvis hade tappat v\u00e5r identitet. M\u00e5nga aktiva runt 13\u201314 \u00e5rs \u00e5ldern f\u00f6rsvann \u00f6ver till MAI, d\u00e5 aktiva saknade en koppling till \u201dnya\u201d klubben och \u00f6vriga valde kort d\u00e4refter att sluta d\u00e5 gemenskapen br\u00f6ts is\u00e4r. Vi fick d\u00e4rmed ett stort glapp av en generation d\u00e4r m\u00e5nga av dessa ungdomar senare skulle kunna blivit potentiella ledare f\u00f6r yngre grupper eller visa v\u00e4gen f\u00f6r yngre generationer. F\u00f6ljden blev att vi hade v\u00e4ldigt f\u00e5 yngre aktiva och stod inte m\u00e5nga steg ifr\u00e5n ruinernas brant f\u00f6r att tappa v\u00e5rt kansli, som skulle inneburit en verksamhet byggd helt p\u00e5 ideellkraft kommande \u00e5r. Vi var helt enkelt tvungna till att ta ett krafttag om v\u00e5r verksamhet.<br><br>En f\u00f6rening \u00e4r aldrig st\u00f6rre \u00e4n dess medlemmars engagemang, vilket kan vara det finaste men ocks\u00e5 det mest s\u00e5rbara vi har i svensk idrott (fundera g\u00e4rna p\u00e5 det ett tag och vad du skulle kunna bidra med f\u00f6r att f\u00f6rb\u00e4ttra v\u00e5r f\u00f6rening). Ett antal ledande personer och ledare best\u00e4mde sig f\u00f6r att vi skulle b\u00f6rja bygga om v\u00e5r verksamhet fr\u00e5n grunden, d\u00e4r vi skulle hitta tillbaka till v\u00e5ra r\u00f6tter som under flertalet generationer fostrat m\u00e4ngder med barn- och ungdomar i Malm\u00f6. Vi skulle satsa fullt ut p\u00e5 v\u00e5ra yngsta grupper och bygga ett tydligt Heleneholms DNA fr\u00e5n tidig \u00e5lder som skulle finnas med l\u00e4ngs hela resan. F\u00f6r att lyckas med denna bedrift kr\u00e4vdes h\u00e5rt arbete i form av engagemang, ledarskap och nyt\u00e4nkande, inget kommer gratis! En del personer har naturligt f\u00f6rsvunnit l\u00e4ngs resan men desto fler har anslutit b\u00e5de bland aktiva och ledare vilket \u00e4r gl\u00e4djande och visar att vi \u00e4r p\u00e5 god v\u00e4g att f\u00e5 den struktur och gemenskap vi sedan \u00e5terstarten 2017 f\u00f6rs\u00f6kt att implementera i v\u00e5ra led. Att bygga en f\u00f6rening fr\u00e5n grunden med dess r\u00e4tta v\u00e4rden tar tid och kr\u00e4ver t\u00e5lamod men v\u00e5r framtid ser idag betydligt ljusare ut \u00e4n vad den gjort p\u00e5 m\u00e5nga \u00e5r och det \u00e4r gl\u00e4djande att se att v\u00e5ra tr\u00e4ningsgrupper v\u00e4xer f\u00f6r varje \u00e5r, d\u00e4r nya medlemmar tillkommer samtidigt som ett stort antal v\u00e4ljer att forts\u00e4tta. Dels f\u00f6r att de \u00e4lskar friidrotten, dels f\u00f6r den gemenskap som idag genomsyrar v\u00e5r verksamhet. Extra gl\u00e4djande \u00e4r att m\u00e5nga av de som b\u00f6rjade som unga i v\u00e5r f\u00f6rening under dessa \u00e5r \u00e4r kvar \u00e4n idag och visar v\u00e4gen fram\u00e5t f\u00f6r yngre generationen.<br><br>Vi har idag en tydligare identitet som bygger p\u00e5 gemenskap, gl\u00e4dje och utveckling. Vi har ledare som \u00e4r engagerade, nyfikna och kreativa till att forts\u00e4tta f\u00f6rb\u00e4ttra v\u00e5ra tr\u00e4ningsgrupper\/organisationer. Ett tydligt exempel p\u00e5 f\u00f6r\u00e4ndringen som skett \u00e4r i helgen d\u00e4r vi arrangerar en intern friidrottst\u00e4vling f\u00f6r \u00e5ldrarna 6\u201311 \u00e5r. Till denna \u00e4r i nul\u00e4get 40-talet barn anm\u00e4lda vilket l\u00e4r vara strax under vad vi hade totalt f\u00f6r dessa \u00e5ldrar i v\u00e5ra \u00e5ldrar under de m\u00f6rkaste \u00e5ren. Ett annat \u00e4r att t\u00e4vlandet i \u00e5r varit bland de fr\u00e4msta p\u00e5 v\u00e4ldigt l\u00e4nge. Vi har nu ocks\u00e5 b\u00e4ttre m\u00f6jligheter att arbeta p\u00e5 sociala projekt utanf\u00f6r idrotten f\u00f6r att f\u00e5 med \u00e4ven personer som inte t\u00e4vlar. Arbetet \u00e4r l\u00e5ngt ifr\u00e5n f\u00e4rdigt och blir f\u00f6rmodligen aldrig helt komplett men det ger energi att se att vi nu \u00e5terigen b\u00f6rjar bli en klubb att r\u00e4kna med. Viktigast av allt \u00e4r dock att vi har kul p\u00e5 tr\u00e4ningen och forts\u00e4tter bygga p\u00e5 v\u00e5r familj\u00e4ra st\u00e4mning \u00e4ven om vi v\u00e4xer. F\u00f6r att forts\u00e4tta lyckas finns det endast en medicin som hj\u00e4lper och det \u00e4r engagemang, gemenskap och delaktighet. P\u00e5 s\u00e5 s\u00e4tt skapas f\u00f6rebilder som sprider sig ner\u00e5t i verksamheten.<br><br>Vill slutligen till\u00e4gga att detta \u00e4r beskrivet utifr\u00e5n ett friidrottsperspektiv som \u00e4r en av de viktigaste verksamheterna vi har i f\u00f6reningen, inte bara f\u00f6r att dessa aktiva \u00e4r framtiden utan ocks\u00e5 i form av ekonomiskt st\u00f6d och bidrag fr\u00e5n kommunen\/RF som tyv\u00e4rr inte vuxenidrott ger i samma utstr\u00e4ckning. Utan en god ungdomsverksamhet finns inte kansliet kvar, vilket skulle inneb\u00e4ra s\u00e4mre servicef\u00f6ruts\u00e4ttningar f\u00f6r alla delar av verksamheten. Triathlonsektionen hade t.ex. v\u00e4ldigt fina \u00e5r under samma period men tappat n\u00e5got p\u00e5 senare \u00e5r delvis p.g.a. covid, vilket \u00e4ven g\u00e4ller d\u00e5varande l\u00f6parsektion. Tillsammans b\u00f6rjar vi dock lyfta varandras verksamheter igen och det k\u00e4nns som att draken numera lyfter \u00e4ven i medvind! Tillsammans \u00e4r vi Heleneholms IF med r\u00f6tterna mot framtiden.<\/p>\n\n\n\n<figure class=\"wp-block-image size-large is-resized\"><figure id=\"attachment_4052\" class=\"alignnone\" style=\"width: 217px;\"><div class=\"\"><img loading=\"lazy\" decoding=\"async\" src=\"https:\/\/heleneholmsif.se\/friidrott\/wp-content\/uploads\/sites\/4\/2023\/09\/HeleneholmsDrake-1024x712.jpg\" alt=\"\" class=\"wp-image-4052\" width=\"217\" height=\"151\" srcset=\"https:\/\/heleneholmsif.se\/friidrott\/wp-content\/uploads\/sites\/4\/2023\/09\/HeleneholmsDrake-1024x712.jpg 1024w, https:\/\/heleneholmsif.se\/friidrott\/wp-content\/uploads\/sites\/4\/2023\/09\/HeleneholmsDrake-300x209.jpg 300w, https:\/\/heleneholmsif.se\/friidrott\/wp-content\/uploads\/sites\/4\/2023\/09\/HeleneholmsDrake-768x534.jpg 768w, https:\/\/heleneholmsif.se\/friidrott\/wp-content\/uploads\/sites\/4\/2023\/09\/HeleneholmsDrake-86x60.jpg 86w, https:\/\/heleneholmsif.se\/friidrott\/wp-content\/uploads\/sites\/4\/2023\/09\/HeleneholmsDrake-1180x820.jpg 1180w, https:\/\/heleneholmsif.se\/friidrott\/wp-content\/uploads\/sites\/4\/2023\/09\/HeleneholmsDrake-1140x792.jpg 1140w, https:\/\/heleneholmsif.se\/friidrott\/wp-content\/uploads\/sites\/4\/2023\/09\/HeleneholmsDrake-748x520.jpg 748w, https:\/\/heleneholmsif.se\/friidrott\/wp-content\/uploads\/sites\/4\/2023\/09\/HeleneholmsDrake-364x253.jpg 364w, https:\/\/heleneholmsif.se\/friidrott\/wp-content\/uploads\/sites\/4\/2023\/09\/HeleneholmsDrake.jpg 1200w\" sizes=\"auto, (max-width: 217px) 100vw, 217px\" \/><\/div><\/figure><\/figure>\n","protected":false},"excerpt":{"rendered":"<p>Dagens inslag tar oss inte riktigt lika l\u00e5ngt tillbaka i tiden som f\u00f6reg\u00e5ende tv\u00e5 veckor men har p\u00e5 ett s\u00e4tt \u00e4nd\u00e5 varit helt avg\u00f6rande f\u00f6r att f\u00f6reningens verksamhet ska kunna bedrivas p\u00e5 det s\u00e4tt som den g\u00f6r idag med kanslipersonal och egen klubbstuga. Senaste tv\u00e5 inslagen hittas h\u00e4r: Tillbaka till r\u00f6tterna mot framtiden &#8211; Klubbkl\u00e4derTillbaka [&hellip;] <a href=\"https:\/\/heleneholmsif.se\/friidrott\/tillba-till-rotterna-mot-framtiden-framtidstro\/\" class=\"readmore\">L\u00e4s mer<i class=\"icon-forward\"><\/i><\/a><\/p>\n","protected":false},"author":9,"featured_media":0,"comment_status":"closed","ping_status":"closed","sticky":false,"template":"","format":"standard","meta":{"_mi_skip_tracking":false,"footnotes":""},"categories":[8],"tags":[18,42,112],"class_list":["post-4051","post","type-post","status-publish","format-standard","hentry","category-friidrott","tag-friidrott","tag-lopning","tag-triathlon"],"_links":{"self":[{"href":"https:\/\/heleneholmsif.se\/friidrott\/wp-json\/wp\/v2\/posts\/4051","targetHints":{"allow":["GET"]}}],"collection":[{"href":"https:\/\/heleneholmsif.se\/friidrott\/wp-json\/wp\/v2\/posts"}],"about":[{"href":"https:\/\/heleneholmsif.se\/friidrott\/wp-json\/wp\/v2\/types\/post"}],"author":[{"embeddable":true,"href":"https:\/\/heleneholmsif.se\/friidrott\/wp-json\/wp\/v2\/users\/9"}],"replies":[{"embeddable":true,"href":"https:\/\/heleneholmsif.se\/friidrott\/wp-json\/wp\/v2\/comments?post=4051"}],"version-history":[{"count":3,"href":"https:\/\/heleneholmsif.se\/friidrott\/wp-json\/wp\/v2\/posts\/4051\/revisions"}],"predecessor-version":[{"id":4069,"href":"https:\/\/heleneholmsif.se\/friidrott\/wp-json\/wp\/v2\/posts\/4051\/revisions\/4069"}],"wp:attachment":[{"href":"https:\/\/heleneholmsif.se\/friidrott\/wp-json\/wp\/v2\/media?parent=4051"}],"wp:term":[{"taxonomy":"category","embeddable":true,"href":"https:\/\/heleneholmsif.se\/friidrott\/wp-json\/wp\/v2\/categories?post=4051"},{"taxonomy":"post_tag","embeddable":true,"href":"https:\/\/heleneholmsif.se\/friidrott\/wp-json\/wp\/v2\/tags?post=4051"}],"curies":[{"name":"wp","href":"https:\/\/api.w.org\/{rel}","templated":true}]}}