{"id":4218,"date":"2024-06-16T19:30:01","date_gmt":"2024-06-16T17:30:01","guid":{"rendered":"https:\/\/heleneholmsif.se\/friidrott\/?p=4218"},"modified":"2024-06-16T19:30:03","modified_gmt":"2024-06-16T17:30:03","slug":"sommaruppehall-nyanmalan-till-hosten","status":"publish","type":"post","link":"https:\/\/heleneholmsif.se\/friidrott\/sommaruppehall-nyanmalan-till-hosten\/","title":{"rendered":"Sommaruppeh\u00e5ll + nyanm\u00e4lan till h\u00f6sten"},"content":{"rendered":"\n<p>Nu har alla v\u00e5ra yngre friidrottsgrupper (s.k friidrottsskolor) tagit sommaruppeh\u00e5ll, dessa startar igen n\u00e4r skolorna drar ig\u00e5ng i augusti. Se mer information i utskick eller h\u00e4r p\u00e5 hemsidan n\u00e4r vi n\u00e4rmar oss. <br><br>F\u00f6r M\u00e5ndag och onsdagsgruppen f\u00f6dda 2012-2014 k\u00f6r vi p\u00e5 ytterligare en vecka. \u00d6vriga grupper forts\u00e4tter tillsvidare, f\u00e5 information via respektive tr\u00e4nare\/grupp.<\/p>\n\n\n\n<p>Om du vill tr\u00e4na under sommaren kommer det finnas en \u00f6ppen grupp under torsdagar. Tr\u00e4ningen \u00e4r \u00f6ppen f\u00f6r alla \u00e5ldrar (delas in p\u00e5 plats) och p\u00e5g\u00e5r mellan 17.30-19.00 p\u00e5 Heleneholms IP.<br><br>Om du har ett barn som vill b\u00f6rja friidrotta till h\u00f6sten kan du nyanm\u00e4la dig <a href=\"https:\/\/sportadmin.se\/form\/form.asp?ID=116C7ACF-F6BA-452A-A429-BE9635F3CBBE\">h\u00e4r<\/a>! <\/p>\n","protected":false},"excerpt":{"rendered":"<p>Nu har alla v\u00e5ra yngre friidrottsgrupper (s.k friidrottsskolor) tagit sommaruppeh\u00e5ll, dessa startar igen n\u00e4r skolorna drar ig\u00e5ng i augusti. Se mer information i utskick eller h\u00e4r p\u00e5 hemsidan n\u00e4r vi n\u00e4rmar oss. F\u00f6r M\u00e5ndag och onsdagsgruppen f\u00f6dda 2012-2014 k\u00f6r vi p\u00e5 ytterligare en vecka. \u00d6vriga grupper forts\u00e4tter tillsvidare, f\u00e5 information via respektive tr\u00e4nare\/grupp. Om du [&hellip;] <a href=\"https:\/\/heleneholmsif.se\/friidrott\/sommaruppehall-nyanmalan-till-hosten\/\" class=\"readmore\">L\u00e4s mer<i class=\"icon-forward\"><\/i><\/a><\/p>\n","protected":false},"author":9,"featured_media":0,"comment_status":"closed","ping_status":"closed","sticky":false,"template":"","format":"standard","meta":{"_mi_skip_tracking":false,"footnotes":""},"categories":[1],"tags":[],"class_list":["post-4218","post","type-post","status-publish","format-standard","hentry","category-okategoriserade"],"_links":{"self":[{"href":"https:\/\/heleneholmsif.se\/friidrott\/wp-json\/wp\/v2\/posts\/4218","targetHints":{"allow":["GET"]}}],"collection":[{"href":"https:\/\/heleneholmsif.se\/friidrott\/wp-json\/wp\/v2\/posts"}],"about":[{"href":"https:\/\/heleneholmsif.se\/friidrott\/wp-json\/wp\/v2\/types\/post"}],"author":[{"embeddable":true,"href":"https:\/\/heleneholmsif.se\/friidrott\/wp-json\/wp\/v2\/users\/9"}],"replies":[{"embeddable":true,"href":"https:\/\/heleneholmsif.se\/friidrott\/wp-json\/wp\/v2\/comments?post=4218"}],"version-history":[{"count":1,"href":"https:\/\/heleneholmsif.se\/friidrott\/wp-json\/wp\/v2\/posts\/4218\/revisions"}],"predecessor-version":[{"id":4219,"href":"https:\/\/heleneholmsif.se\/friidrott\/wp-json\/wp\/v2\/posts\/4218\/revisions\/4219"}],"wp:attachment":[{"href":"https:\/\/heleneholmsif.se\/friidrott\/wp-json\/wp\/v2\/media?parent=4218"}],"wp:term":[{"taxonomy":"category","embeddable":true,"href":"https:\/\/heleneholmsif.se\/friidrott\/wp-json\/wp\/v2\/categories?post=4218"},{"taxonomy":"post_tag","embeddable":true,"href":"https:\/\/heleneholmsif.se\/friidrott\/wp-json\/wp\/v2\/tags?post=4218"}],"curies":[{"name":"wp","href":"https:\/\/api.w.org\/{rel}","templated":true}]}}